{"id":16345,"date":"2020-08-16T13:14:06","date_gmt":"2020-08-16T18:14:06","guid":{"rendered":"http:\/\/www.zonaroja.com.mx\/?p=16345"},"modified":"2020-08-16T13:14:09","modified_gmt":"2020-08-16T18:14:09","slug":"regreso-a-clases-en-oaxaca-requiere-coordinacion-entre-involucrados-diputada","status":"publish","type":"post","link":"https:\/\/zonaroja.com.mx\/?p=16345","title":{"rendered":"Regreso a clases en Oaxaca requiere coordinaci\u00f3n entre involucrados: diputada"},"content":{"rendered":"\n<p>Redacci\u00f3n\/Zona\nRoja.<\/p>\n\n\n\n<p>Oaxaca de\nJu\u00e1rez, Oax. 16 de agosto de 2020.- El regreso a clases, el pr\u00f3ximo 24 de\nagosto, implica un reto que requiere de coordinaci\u00f3n entre todos los sectores\ninvolucrados, desde los padres y madres de familia, hasta el profesorado y las\nautoridades educativas, manifest\u00f3 la diputada local, Delfina Elizabeth Guzm\u00e1n\nD\u00edaz.<\/p>\n\n\n\n<p>En el\npr\u00f3ximo curso lectivo se contar\u00e1 con la difusi\u00f3n de contenidos mediante la\nradio, la televisi\u00f3n, el internet y con los libros de texto gratuitos, a fin de\ngarantizar el acceso a la educaci\u00f3n y superar as\u00ed cualquier carencia en cuanto\nal acceso a las tecnolog\u00edas de la informaci\u00f3n, declar\u00f3 en entrevista\nradiof\u00f3nica.<\/p>\n\n\n\n<p>En este\nsentido, Guzm\u00e1n D\u00edaz resalt\u00f3 que la participaci\u00f3n de la autoridad, por conducto\nde la Corporaci\u00f3n Oaxaque\u00f1a de Radio y Televisi\u00f3n (CORTV), con sus 32\nrepetidoras en la entidad, ser\u00e1 importante porque proporcionar\u00e1n una extensa\ncobertura radial, incluso en zonas de dif\u00edcil acceso. Adem\u00e1s de las\ntransmisiones televisivas comerciales y por las redes sociales.<\/p>\n\n\n\n<p>\u00abTenemos\nconocimiento que los y las docentes ya preparan los contenidos para las\ncomunidades en donde el acceso al internet es nulo o limitado. Es un proceso de\nadaptaci\u00f3n a las nuevas herramientas educativas que ser\u00e1n implementadas acorde\na las necesidades de cada zona de nuestra entidad\u00bb, expres\u00f3.<\/p>\n\n\n\n<p>Finalmente,\nla legisladora enfatiz\u00f3 que ante la imposibilidad de un regreso a clases\npresencial, la nueva modalidad abre la puerta a una educaci\u00f3n con distintas\nherramientas para el estudiantado, en cuanto al tema de las tecnolog\u00edas, as\u00ed\ncomo la identificaci\u00f3n de zonas en donde el proceso de aprendizaje requiera un\nservicio alternativo.<\/p>\n","protected":false},"excerpt":{"rendered":"<p>Redacci\u00f3n\/Zona Roja. Oaxaca de Ju\u00e1rez, Oax. 16 de agosto de 2020.- El regreso a clases,&hellip;<\/p>\n","protected":false},"author":2,"featured_media":16346,"comment_status":"closed","ping_status":"open","sticky":false,"template":"","format":"standard","meta":{"_lmt_disableupdate":"","_lmt_disable":"","_jetpack_memberships_contains_paid_content":false,"footnotes":""},"categories":[109,46],"tags":[213,1927],"class_list":["post-16345","post","type-post","status-publish","format-standard","has-post-thumbnail","hentry","category-minuto-a-minuto","category-zona-blanca","tag-64-legislatura-de-oaxaca","tag-delfina-guzman-diaz"],"jetpack_featured_media_url":"https:\/\/zonaroja.com.mx\/wp-content\/uploads\/2020\/08\/Diputada-local-Delfina-Elizabeth-Guzm\u00e1n-D\u00edaz.jpg","jetpack_sharing_enabled":true,"_links":{"self":[{"href":"https:\/\/zonaroja.com.mx\/index.php?rest_route=\/wp\/v2\/posts\/16345","targetHints":{"allow":["GET"]}}],"collection":[{"href":"https:\/\/zonaroja.com.mx\/index.php?rest_route=\/wp\/v2\/posts"}],"about":[{"href":"https:\/\/zonaroja.com.mx\/index.php?rest_route=\/wp\/v2\/types\/post"}],"author":[{"embeddable":true,"href":"https:\/\/zonaroja.com.mx\/index.php?rest_route=\/wp\/v2\/users\/2"}],"replies":[{"embeddable":true,"href":"https:\/\/zonaroja.com.mx\/index.php?rest_route=%2Fwp%2Fv2%2Fcomments&post=16345"}],"version-history":[{"count":1,"href":"https:\/\/zonaroja.com.mx\/index.php?rest_route=\/wp\/v2\/posts\/16345\/revisions"}],"predecessor-version":[{"id":16347,"href":"https:\/\/zonaroja.com.mx\/index.php?rest_route=\/wp\/v2\/posts\/16345\/revisions\/16347"}],"wp:featuredmedia":[{"embeddable":true,"href":"https:\/\/zonaroja.com.mx\/index.php?rest_route=\/wp\/v2\/media\/16346"}],"wp:attachment":[{"href":"https:\/\/zonaroja.com.mx\/index.php?rest_route=%2Fwp%2Fv2%2Fmedia&parent=16345"}],"wp:term":[{"taxonomy":"category","embeddable":true,"href":"https:\/\/zonaroja.com.mx\/index.php?rest_route=%2Fwp%2Fv2%2Fcategories&post=16345"},{"taxonomy":"post_tag","embeddable":true,"href":"https:\/\/zonaroja.com.mx\/index.php?rest_route=%2Fwp%2Fv2%2Ftags&post=16345"}],"curies":[{"name":"wp","href":"https:\/\/api.w.org\/{rel}","templated":true}]}}