{"id":16348,"date":"2020-08-16T15:33:45","date_gmt":"2020-08-16T20:33:45","guid":{"rendered":"http:\/\/www.zonaroja.com.mx\/?p=16348"},"modified":"2020-08-16T15:33:49","modified_gmt":"2020-08-16T20:33:49","slug":"y-donde-esta-el-edil-de-oaxaca-de-juarez-tampoco-ayer-participo-en-sesion-de-cabildo","status":"publish","type":"post","link":"https:\/\/zonaroja.com.mx\/?p=16348","title":{"rendered":"\u00bfY d\u00f3nde est\u00e1 el edil de Oaxaca de Ju\u00e1rez? Tampoco ayer particip\u00f3 en sesi\u00f3n de Cabildo"},"content":{"rendered":"\n<p>Redacci\u00f3n\/Zona\nRoja.<\/p>\n\n\n\n<p>Oaxaca de\nJu\u00e1rez, Oax., 16 de agosto de 2020.- El presidente municipal de Oaxaca de\nJu\u00e1rez, Oswaldo Garc\u00eda Jarqu\u00edn, sigue desaparecido de las actividades p\u00fablicas,\npese que a que la capital es uno de los municipios con m\u00e1s casos de Covid-19 en\nel estado, con tres mil 226 contagiados de los 13 mil 302 en total que se\nregistraron hasta anoche.<\/p>\n\n\n\n<p>En por lo\nmenos tres sesiones virtuales de Cabildo, el edil surgido del Partido Morena no\nha participado. <\/p>\n\n\n\n<p>La m\u00e1s\nreciente asamblea se realiz\u00f3 este s\u00e1bado, de acuerdo con un comunicado de prensa,\nen que el \u00f3rgano colegiado aprob\u00f3 un punto de acuerdo \u201cpara que las Comisiones\nPermanentes o Especiales del Ayuntamiento hagan uso de las Tecnolog\u00edas de la\nInformaci\u00f3n y Comunicaci\u00f3n (TIC) para la realizaci\u00f3n de sus sesiones y en\ngeneral para el conocimiento y resoluci\u00f3n de todos los dict\u00e1menes que les han\nsido o ser\u00e1n turnados\u201d.<\/p>\n\n\n\n<p>El bolet\u00edn\nno precis\u00f3 qui\u00e9n presidi\u00f3 la reuni\u00f3n de Cabildo ni justifica la ausencia de\nGarc\u00eda Jarqu\u00edn.<\/p>\n\n\n\n<p>Previo a\nello emiti\u00f3 otro comunicado de prensa, en que dio a conocer la entrega de\napoyos econ\u00f3micos por tres mil 767 pesos a cada uno de los 122 locatarios\nafectados por el incendio de sus locales en el Mercado de Abasto.<\/p>\n\n\n\n<p>Este\nencuentro efectuado en el palacio municipal lo presidi\u00f3 el s\u00edndico Hacendario,\nJorge Castro Campos y tampoco se mencion\u00f3 las razones de la ausencia del\npresidente municipal.<\/p>\n\n\n\n<p>En por lo\nmenos dos semanas, no se han difundido acciones del edil, en que est\u00e9 presente\nde manera presencia o virtual.<\/p>\n","protected":false},"excerpt":{"rendered":"<p>Redacci\u00f3n\/Zona Roja. Oaxaca de Ju\u00e1rez, Oax., 16 de agosto de 2020.- El presidente municipal de&hellip;<\/p>\n","protected":false},"author":2,"featured_media":16349,"comment_status":"closed","ping_status":"open","sticky":false,"template":"","format":"standard","meta":{"_lmt_disableupdate":"","_lmt_disable":"","_jetpack_memberships_contains_paid_content":false,"footnotes":""},"categories":[109,47],"tags":[115],"class_list":["post-16348","post","type-post","status-publish","format-standard","has-post-thumbnail","hentry","category-minuto-a-minuto","category-zona-gris","tag-oswaldo-garcia-jarquin"],"jetpack_featured_media_url":"https:\/\/zonaroja.com.mx\/wp-content\/uploads\/2020\/08\/1-cabildo-sesion-15ago.jpg","jetpack_sharing_enabled":true,"_links":{"self":[{"href":"https:\/\/zonaroja.com.mx\/index.php?rest_route=\/wp\/v2\/posts\/16348","targetHints":{"allow":["GET"]}}],"collection":[{"href":"https:\/\/zonaroja.com.mx\/index.php?rest_route=\/wp\/v2\/posts"}],"about":[{"href":"https:\/\/zonaroja.com.mx\/index.php?rest_route=\/wp\/v2\/types\/post"}],"author":[{"embeddable":true,"href":"https:\/\/zonaroja.com.mx\/index.php?rest_route=\/wp\/v2\/users\/2"}],"replies":[{"embeddable":true,"href":"https:\/\/zonaroja.com.mx\/index.php?rest_route=%2Fwp%2Fv2%2Fcomments&post=16348"}],"version-history":[{"count":1,"href":"https:\/\/zonaroja.com.mx\/index.php?rest_route=\/wp\/v2\/posts\/16348\/revisions"}],"predecessor-version":[{"id":16350,"href":"https:\/\/zonaroja.com.mx\/index.php?rest_route=\/wp\/v2\/posts\/16348\/revisions\/16350"}],"wp:featuredmedia":[{"embeddable":true,"href":"https:\/\/zonaroja.com.mx\/index.php?rest_route=\/wp\/v2\/media\/16349"}],"wp:attachment":[{"href":"https:\/\/zonaroja.com.mx\/index.php?rest_route=%2Fwp%2Fv2%2Fmedia&parent=16348"}],"wp:term":[{"taxonomy":"category","embeddable":true,"href":"https:\/\/zonaroja.com.mx\/index.php?rest_route=%2Fwp%2Fv2%2Fcategories&post=16348"},{"taxonomy":"post_tag","embeddable":true,"href":"https:\/\/zonaroja.com.mx\/index.php?rest_route=%2Fwp%2Fv2%2Ftags&post=16348"}],"curies":[{"name":"wp","href":"https:\/\/api.w.org\/{rel}","templated":true}]}}