{"id":16355,"date":"2020-08-16T18:49:03","date_gmt":"2020-08-16T23:49:03","guid":{"rendered":"http:\/\/www.zonaroja.com.mx\/?p=16355"},"modified":"2020-08-16T18:51:13","modified_gmt":"2020-08-16T23:51:13","slug":"a-cinco-meses-de-pandemia-huatulco-obliga-a-usar-cubrebocas-o-aplicara-multa-o-arresto","status":"publish","type":"post","link":"https:\/\/zonaroja.com.mx\/?p=16355","title":{"rendered":"A cinco meses de pandemia, Huatulco obliga a usar cubrebocas o aplicar\u00e1 multa o arresto"},"content":{"rendered":"\n<p>Redacci\u00f3n\/Zona\nRoja.<\/p>\n\n\n\n<p>Oaxaca de\nJu\u00e1rez, Oax., 16 de agosto de 2020.- A cinco meses de iniciada la pandemia por\nCovid-19 en M\u00e9xico, el Cabildo de Santa Mar\u00eda Huatulco acord\u00f3 ayer obligar a\ntoda persona en espacios p\u00fablicos a usar cubrebocas o en su caso ser\u00e1 arrestada\no multada con 500 pesos.<\/p>\n\n\n\n<p>Este domingo\npublic\u00f3 en su gaceta la \u201cDisposici\u00f3n administrativa por la que se aprueba la\naplicaci\u00f3n de diez acciones para la prevenci\u00f3n y mitigaci\u00f3n del virus Sars-Cov2\n(Covid-19) en el municipio de Santa Mar\u00eda Huatulco\u201d.<\/p>\n\n\n\n<p>Con respecto al cubrebocas, \u201cesta obligaci\u00f3n se vigilar\u00e1 en la v\u00eda p\u00fablica, \u00e1reas de uso com\u00fan, dentro de establecimientos comerciales, dependencias y en general espacios donde se aglomeren personas.<\/p>\n\n\n\n<figure class=\"wp-block-image size-large\"><img decoding=\"async\" width=\"1847\" height=\"987\" src=\"https:\/\/www.zonaroja.com.mx\/wp-content\/uploads\/2020\/08\/img_0159.jpg\" alt=\"\" class=\"wp-image-16358\" srcset=\"https:\/\/zonaroja.com.mx\/wp-content\/uploads\/2020\/08\/img_0159.jpg 1847w, https:\/\/zonaroja.com.mx\/wp-content\/uploads\/2020\/08\/img_0159-300x160.jpg 300w, https:\/\/zonaroja.com.mx\/wp-content\/uploads\/2020\/08\/img_0159-768x410.jpg 768w, https:\/\/zonaroja.com.mx\/wp-content\/uploads\/2020\/08\/img_0159-1024x547.jpg 1024w, https:\/\/zonaroja.com.mx\/wp-content\/uploads\/2020\/08\/img_0159-1170x625.jpg 1170w, https:\/\/zonaroja.com.mx\/wp-content\/uploads\/2020\/08\/img_0159-585x313.jpg 585w\" sizes=\"(max-width: 1847px) 100vw, 1847px\" \/><\/figure>\n\n\n\n<p>\u201cEn caso del\nincumplimiento de estas medidas, los responsables ser\u00e1n sancionados\nadministrativamente con trabajo a favor de la comunidad, multa con un m\u00ednimo de\n500 pesos, o arresto\u2026\u201d.<\/p>\n\n\n\n<p>Similares sanciones\nse aplicar\u00e1n a los establecimientos comerciales; los que ofrezcan servicios\nmediante cartas o men\u00faes, deber\u00e1n prestar sus servicios a trav\u00e9s del c\u00f3digo digital\nQR; adem\u00e1s, los comercios que desacaten, podr\u00e1n ser clausurados o suspendidas\nsus actividades.<\/p>\n\n\n\n<p>Entre otras,\nmedidas, acord\u00f3 intensificar las brigadas sanitarias y los filtros de revisi\u00f3n;\nla desinfecci\u00f3n constante de espacios p\u00fablicos; implementaci\u00f3n de anuncios\npublicitarios y campa\u00f1as; recorridos de seguridad y vigilancia.<\/p>\n\n\n\n<p>Asimismo, todo\ntransporte p\u00fablico terrestre de turistas y de servicio for\u00e1neo deber\u00e1 arribar\n\u00fanicamente en la central camionera de Huatulco.<\/p>\n","protected":false},"excerpt":{"rendered":"<p>Redacci\u00f3n\/Zona Roja. Oaxaca de Ju\u00e1rez, Oax., 16 de agosto de 2020.- A cinco meses de&hellip;<\/p>\n","protected":false},"author":2,"featured_media":12589,"comment_status":"closed","ping_status":"open","sticky":false,"template":"","format":"standard","meta":{"_lmt_disableupdate":"","_lmt_disable":"","_jetpack_memberships_contains_paid_content":false,"footnotes":""},"categories":[109,47],"tags":[1512,1337],"class_list":["post-16355","post","type-post","status-publish","format-standard","has-post-thumbnail","hentry","category-minuto-a-minuto","category-zona-gris","tag-coronavirus-oaxaca","tag-santa-maria-huatulco"],"jetpack_featured_media_url":"https:\/\/zonaroja.com.mx\/wp-content\/uploads\/2020\/05\/Santa-Mar\u00eda-Huatulco.jpg","jetpack_sharing_enabled":true,"_links":{"self":[{"href":"https:\/\/zonaroja.com.mx\/index.php?rest_route=\/wp\/v2\/posts\/16355","targetHints":{"allow":["GET"]}}],"collection":[{"href":"https:\/\/zonaroja.com.mx\/index.php?rest_route=\/wp\/v2\/posts"}],"about":[{"href":"https:\/\/zonaroja.com.mx\/index.php?rest_route=\/wp\/v2\/types\/post"}],"author":[{"embeddable":true,"href":"https:\/\/zonaroja.com.mx\/index.php?rest_route=\/wp\/v2\/users\/2"}],"replies":[{"embeddable":true,"href":"https:\/\/zonaroja.com.mx\/index.php?rest_route=%2Fwp%2Fv2%2Fcomments&post=16355"}],"version-history":[{"count":3,"href":"https:\/\/zonaroja.com.mx\/index.php?rest_route=\/wp\/v2\/posts\/16355\/revisions"}],"predecessor-version":[{"id":16359,"href":"https:\/\/zonaroja.com.mx\/index.php?rest_route=\/wp\/v2\/posts\/16355\/revisions\/16359"}],"wp:featuredmedia":[{"embeddable":true,"href":"https:\/\/zonaroja.com.mx\/index.php?rest_route=\/wp\/v2\/media\/12589"}],"wp:attachment":[{"href":"https:\/\/zonaroja.com.mx\/index.php?rest_route=%2Fwp%2Fv2%2Fmedia&parent=16355"}],"wp:term":[{"taxonomy":"category","embeddable":true,"href":"https:\/\/zonaroja.com.mx\/index.php?rest_route=%2Fwp%2Fv2%2Fcategories&post=16355"},{"taxonomy":"post_tag","embeddable":true,"href":"https:\/\/zonaroja.com.mx\/index.php?rest_route=%2Fwp%2Fv2%2Ftags&post=16355"}],"curies":[{"name":"wp","href":"https:\/\/api.w.org\/{rel}","templated":true}]}}