{"id":16360,"date":"2020-08-16T20:20:57","date_gmt":"2020-08-17T01:20:57","guid":{"rendered":"http:\/\/www.zonaroja.com.mx\/?p=16360"},"modified":"2020-08-16T20:25:15","modified_gmt":"2020-08-17T01:25:15","slug":"desconocen-a-dirigente-del-ubisort-y-lo-culpan-de-secuestrar-a-funcionaria-y-otra-mujer","status":"publish","type":"post","link":"https:\/\/zonaroja.com.mx\/?p=16360","title":{"rendered":"Desconocen a dirigente de Ubisort y lo culpan de secuestrar a funcionaria y otra mujer"},"content":{"rendered":"\n<p>Ismael\nGarc\u00eda M.\/Zona Roja.<\/p>\n\n\n\n<p>Oaxaca de Ju\u00e1rez,\nOax., 16 de agosto de 2020.- Militantes de la Uni\u00f3n de Bienestar Social de la\nRegi\u00f3n Triqui (Ubisort) de Oaxaca desconocieron a su dirigente Fabi\u00e1n Pereda\nPereda y lo culparon del secuestro de una funcionaria estatal y una dirigente\nind\u00edgena.<\/p>\n\n\n\n<p>Los hechos\nsucedieron ayer s\u00e1bado en la comunidad de Guadalupe Tilapa, Santiago\nJuxtlahuaca, base de la Ubisort, en que privaron de su libertad a Denisse Guzm\u00e1n\nPel\u00e1ez, delegada Regional de Gobierno, y Ave Mar\u00eda Leyva, dirigente del Frente\nde Resistencia Ind\u00edgena.<\/p>\n\n\n\n<p>Presuntamente fueron encerradas en la c\u00e1rcel por \u00f3rdenes de Fabi\u00e1n Pereda, junto el regidor de Hacienda de Juxtlahuaca, Enrique Bautista Guti\u00e9rrez, y la empleada municipal Zullydeisy Cruz G\u00fcendulain, por repartir despensas del DIF.<\/p>\n\n\n\n<p>\u201cComo\ncomunidad de Guadalupe Tilapa nos deslindamos de los hechos ocurridos y\nmanifestamos que fue un acto realizado por un grupo de personas de la\ncomunidad, encabezados por Fabi\u00e1n Pereda Pereda.<\/p>\n\n\n\n<p>\u201cDesmentimos\nque el d\u00eda lunes se vaya a realizar un juicio de acuerdo a los usos y\ncostumbres hacia estas dos personas, quienes solo acud\u00edan a realizar una\nencomienda del Gobernador del Estado en estos d\u00edas de crisis alimentaria,\nactividad de la cual estaba informado el agente municipal de nuestra comunidad\u201d,\ndijeron los militantes en un comunicado.<\/p>\n\n\n\n<p>\u201cLa base de\nla Ubisort desconocemos a Fabi\u00e1n Pereda Pereda como dirigente y vocero de\nnuestra organizaci\u00f3n, porque lejos de defender a los pueblos que representaba,\nse aliaba con el presidente municipal, Nicol\u00e1s Feria Romero, en beneficio de \u00e9ste.<\/p>\n\n\n\n<p>\u201cY por no\ntomar en cuenta la opini\u00f3n de nuestros militantes, como del comit\u00e9 de consejo\nque hay en cada uno de nuestros pueblos. Informamos tambi\u00e9n a los diferentes\nniveles de gobierno que, a partir de este comunicado, Fabi\u00e1n Pereda Pereda queda\ninhabilitado para externar opini\u00f3n alguna sobre nuestras comunidades, as\u00ed como\nde las gestiones que se llevan en cada una de ellas\u201d. <\/p>\n\n\n\n<p>Adem\u00e1s,\nresponsabilizaron a Fabi\u00e1n Pereda y al edil Nicol\u00e1s Feria Romero, as\u00ed como al\npadre de \u00e9ste, Enrique Feria, de lo que pudiera ocurrir a la comunidad triqui\nde la Ubisort.<\/p>\n\n\n\n<p>\u201cY los\nacusamos directamente de crear grupos de choque en las comunidades de Guadalupe\nTilapa, La Sabana y Uni\u00f3n de los \u00c1ngeles, con la clara intenci\u00f3n de crear divisi\u00f3n\nentre los pueblos y as\u00ed mantener sus puestos de poder\u201d, remarcaron.&nbsp;&nbsp; <\/p>\n","protected":false},"excerpt":{"rendered":"<p>Ismael Garc\u00eda M.\/Zona Roja. Oaxaca de Ju\u00e1rez, Oax., 16 de agosto de 2020.- Militantes de&hellip;<\/p>\n","protected":false},"author":2,"featured_media":16361,"comment_status":"closed","ping_status":"open","sticky":false,"template":"","format":"standard","meta":{"_lmt_disableupdate":"","_lmt_disable":"","_jetpack_memberships_contains_paid_content":false,"footnotes":""},"categories":[109,47],"tags":[1796],"class_list":["post-16360","post","type-post","status-publish","format-standard","has-post-thumbnail","hentry","category-minuto-a-minuto","category-zona-gris","tag-union-de-bienestar-social-de-la-zona-triqui-ubisort"],"jetpack_featured_media_url":"https:\/\/zonaroja.com.mx\/wp-content\/uploads\/2020\/08\/Ubisort-Pereda.png","jetpack_sharing_enabled":true,"_links":{"self":[{"href":"https:\/\/zonaroja.com.mx\/index.php?rest_route=\/wp\/v2\/posts\/16360","targetHints":{"allow":["GET"]}}],"collection":[{"href":"https:\/\/zonaroja.com.mx\/index.php?rest_route=\/wp\/v2\/posts"}],"about":[{"href":"https:\/\/zonaroja.com.mx\/index.php?rest_route=\/wp\/v2\/types\/post"}],"author":[{"embeddable":true,"href":"https:\/\/zonaroja.com.mx\/index.php?rest_route=\/wp\/v2\/users\/2"}],"replies":[{"embeddable":true,"href":"https:\/\/zonaroja.com.mx\/index.php?rest_route=%2Fwp%2Fv2%2Fcomments&post=16360"}],"version-history":[{"count":2,"href":"https:\/\/zonaroja.com.mx\/index.php?rest_route=\/wp\/v2\/posts\/16360\/revisions"}],"predecessor-version":[{"id":16363,"href":"https:\/\/zonaroja.com.mx\/index.php?rest_route=\/wp\/v2\/posts\/16360\/revisions\/16363"}],"wp:featuredmedia":[{"embeddable":true,"href":"https:\/\/zonaroja.com.mx\/index.php?rest_route=\/wp\/v2\/media\/16361"}],"wp:attachment":[{"href":"https:\/\/zonaroja.com.mx\/index.php?rest_route=%2Fwp%2Fv2%2Fmedia&parent=16360"}],"wp:term":[{"taxonomy":"category","embeddable":true,"href":"https:\/\/zonaroja.com.mx\/index.php?rest_route=%2Fwp%2Fv2%2Fcategories&post=16360"},{"taxonomy":"post_tag","embeddable":true,"href":"https:\/\/zonaroja.com.mx\/index.php?rest_route=%2Fwp%2Fv2%2Ftags&post=16360"}],"curies":[{"name":"wp","href":"https:\/\/api.w.org\/{rel}","templated":true}]}}