{"id":16364,"date":"2020-08-16T21:12:55","date_gmt":"2020-08-17T02:12:55","guid":{"rendered":"http:\/\/www.zonaroja.com.mx\/?p=16364"},"modified":"2020-08-16T22:19:32","modified_gmt":"2020-08-17T03:19:32","slug":"habria-muerto-en-rina-joven-deportista-en-la-capital-de-oaxaca","status":"publish","type":"post","link":"https:\/\/zonaroja.com.mx\/?p=16364","title":{"rendered":"Habr\u00eda muerto en ri\u00f1a joven deportista en la capital de Oaxaca"},"content":{"rendered":"\n<p>Redacci\u00f3n\/Zona\nRoja.<\/p>\n\n\n\n<p>Oaxaca de Ju\u00e1rez, Oax., 16 de agosto de 2020.- En una ri\u00f1a callejera en que participaron algunos de sus familiares y no durante un asalto, habr\u00eda perdido la vida el adolescente Rodrigo Abed M. S.<\/p>\n\n\n\n<p>Asimismo, de\nacuerdo con reportes policiacos y las primeras indagatorias de la Agencia\nEstatal de Investigaciones (AEI), los hechos sucedieron anoche alrededor de las\n23:00 horas en una cancha de la Cuarta Etapa del Infonavit Primero de Mayo, al\nnorte de la capital de Oaxaca.<\/p>\n\n\n\n<p>Pese a ello,\nuno de sus familiares, identificado en las redes sociales como Ra\u00fal Beltr\u00e1n,\ndifundi\u00f3 que fue durante un asalto ocurrido este domingo por la ma\u00f1ana. <\/p>\n\n\n\n<p>Se ha\nlogrado establecer tambi\u00e9n que a causa de algunos vicios, a\u00fan sin precisar\ncu\u00e1les, el adolescente de 17 a\u00f1os dej\u00f3 el deporte del Jiu Jitsu.<\/p>\n\n\n\n<p>Seg\u00fan los primeros datos de la Fiscal\u00eda General del Estado, ya se tiene identificado al probable agresor e incluso es de conocimiento de los propios familiares, con quienes se ha entablado di\u00e1logo acerca del curso de las investigaciones.  En redes sociales se difundieron im\u00e1genes del probable agresor y homicida, que ya es buscado.<\/p>\n","protected":false},"excerpt":{"rendered":"<p>Redacci\u00f3n\/Zona Roja. Oaxaca de Ju\u00e1rez, Oax., 16 de agosto de 2020.- En una ri\u00f1a callejera&hellip;<\/p>\n","protected":false},"author":2,"featured_media":16365,"comment_status":"closed","ping_status":"open","sticky":false,"template":"","format":"standard","meta":{"_lmt_disableupdate":"","_lmt_disable":"","_jetpack_memberships_contains_paid_content":false,"footnotes":""},"categories":[109,51],"tags":[148],"class_list":["post-16364","post","type-post","status-publish","format-standard","has-post-thumbnail","hentry","category-minuto-a-minuto","category-zona-roja","tag-oaxaca-de-juarez"],"jetpack_featured_media_url":"https:\/\/zonaroja.com.mx\/wp-content\/uploads\/2020\/08\/caso-Infonavit-capital.jpg","jetpack_sharing_enabled":true,"_links":{"self":[{"href":"https:\/\/zonaroja.com.mx\/index.php?rest_route=\/wp\/v2\/posts\/16364","targetHints":{"allow":["GET"]}}],"collection":[{"href":"https:\/\/zonaroja.com.mx\/index.php?rest_route=\/wp\/v2\/posts"}],"about":[{"href":"https:\/\/zonaroja.com.mx\/index.php?rest_route=\/wp\/v2\/types\/post"}],"author":[{"embeddable":true,"href":"https:\/\/zonaroja.com.mx\/index.php?rest_route=\/wp\/v2\/users\/2"}],"replies":[{"embeddable":true,"href":"https:\/\/zonaroja.com.mx\/index.php?rest_route=%2Fwp%2Fv2%2Fcomments&post=16364"}],"version-history":[{"count":2,"href":"https:\/\/zonaroja.com.mx\/index.php?rest_route=\/wp\/v2\/posts\/16364\/revisions"}],"predecessor-version":[{"id":16370,"href":"https:\/\/zonaroja.com.mx\/index.php?rest_route=\/wp\/v2\/posts\/16364\/revisions\/16370"}],"wp:featuredmedia":[{"embeddable":true,"href":"https:\/\/zonaroja.com.mx\/index.php?rest_route=\/wp\/v2\/media\/16365"}],"wp:attachment":[{"href":"https:\/\/zonaroja.com.mx\/index.php?rest_route=%2Fwp%2Fv2%2Fmedia&parent=16364"}],"wp:term":[{"taxonomy":"category","embeddable":true,"href":"https:\/\/zonaroja.com.mx\/index.php?rest_route=%2Fwp%2Fv2%2Fcategories&post=16364"},{"taxonomy":"post_tag","embeddable":true,"href":"https:\/\/zonaroja.com.mx\/index.php?rest_route=%2Fwp%2Fv2%2Ftags&post=16364"}],"curies":[{"name":"wp","href":"https:\/\/api.w.org\/{rel}","templated":true}]}}