{"id":16367,"date":"2020-08-16T22:10:00","date_gmt":"2020-08-17T03:10:00","guid":{"rendered":"http:\/\/www.zonaroja.com.mx\/?p=16367"},"modified":"2020-08-17T06:23:05","modified_gmt":"2020-08-17T11:23:05","slug":"registra-oaxaca-este-domingo-solo-un-deceso-y-56-positivos","status":"publish","type":"post","link":"https:\/\/zonaroja.com.mx\/?p=16367","title":{"rendered":"Registr\u00f3 Oaxaca este domingo s\u00f3lo un deceso y 56 positivos"},"content":{"rendered":"\n<p>Redacci\u00f3n\/Zona\nRoja.<\/p>\n\n\n\n<p>Oaxaca de Ju\u00e1rez, Oax. 17 de agosto de 2020.- El titular de los Servicios de Salud de Oaxaca (SSO), Donato Casas Escamilla, se\u00f1al\u00f3 que \u201cdebemos continuar con el reto que lanz\u00f3 el gobernador Alejandro Murat Hinojosa, de \u201840 d\u00edas por Oaxaca\u2019, impulsando el uso de cubrebocas, esto con el prop\u00f3sito de seguir disminuyendo los contagios por COVID-19, adem\u00e1s de aplicar la sana distancia y el quedarse en casa\u201d.<\/p>\n\n\n\n<p>Y es que al\ncorte epidemiol\u00f3gico de este domingo 16 de agosto, se han registrado 56 casos\nnuevos en 24 municipios, sumando 12 mil 358 casos acumulados a COVID-19 en toda\nla entidad, expuso en un comunicado de prensa.<\/p>\n\n\n\n<p>Agreg\u00f3 que\nse han notificado 18 mil 432 casos, de los cuales 5 mil 242 han sido negativos,\n832 son sospechosos en espera de resultados por laboratorio, 10 mil 668 se han\nrecuperado, hoy se registr\u00f3 un deceso, sumando de manera acumulada mil 145\ndefunciones.<\/p>\n\n\n\n<p>Mencion\u00f3 que\nla Jurisdicci\u00f3n Sanitaria n\u00famero uno Valles Centrales registra 8 mil 108 casos\nconfirmados y 547 defunciones, Tuxtepec mil 567 y 227 fallecimientos, Istmo mil\n284 y 216 decesos, Mixteca 691 y 67 defunciones, Costa 501 y 54 muertes y la\nSierra (Norte) 207 y 34 defunciones.<\/p>\n\n\n\n<p>Casas Escamilla dijo que los 56 casos nuevos se registraron en 24 municipios, siendo los que el mayor n\u00famero de casos presentaron Oaxaca de Ju\u00e1rez con 18, Santa Cruz Xococotl\u00e1n cuatro, Santa Luc\u00eda del Camino, Villa de Zaachila, y San Antonio de la Cal tres cada uno, el resto dos y uno.<\/p>\n\n\n\n<figure class=\"wp-block-embed-twitter wp-block-embed is-type-rich is-provider-twitter\"><div class=\"wp-block-embed__wrapper\">\n<div class=\"twitter-tweet\"><blockquote class=\"twitter-tweet\" data-lang=\"es\"><p lang=\"es\" dir=\"ltr\">Hoy se registraron 56 casos positivos nuevos de <a href=\"https:\/\/twitter.com\/hashtag\/COVID19?src=hash&amp;ref_src=twsrc%5Etfw\">#COVID19<\/a> en <a href=\"https:\/\/twitter.com\/hashtag\/Oaxaca?src=hash&amp;ref_src=twsrc%5Etfw\">#Oaxaca<\/a>.<br>El trabajo conjunto, tiene grandes beneficios para la <a href=\"https:\/\/twitter.com\/hashtag\/Salud?src=hash&amp;ref_src=twsrc%5Etfw\">#Salud<\/a>; si todas y todos participamos responsablemente, podremos mitigar los contagios de esta nueva enfermedad. <a href=\"https:\/\/t.co\/QtGKR2wBpk\">pic.twitter.com\/QtGKR2wBpk<\/a><\/p>&mdash; Servicios de Salud (@SSO_GobOax) <a href=\"https:\/\/twitter.com\/SSO_GobOax\/status\/1295178699524804609?ref_src=twsrc%5Etfw\">17 de agosto de 2020<\/a><\/blockquote><\/div>\n<\/div><\/figure>\n\n\n\n<p>A\u00f1adi\u00f3 que\nde los 12 mil 358 casos acumulados a la enfermedad, dos mil 750 han sido\nhospitalizados y 9 mil 608 son ambulatorios, de los cuales 6 mil 761 son\nhombres y 5 mil 597 mujeres. Por instituci\u00f3n, los SSO han atendido 8 mil 409\ncasos, IMSS r\u00e9gimen ordinario 2 mil 288, ISSSTE 668, IMSS Bienestar 484, Sedena\n199, Pemex 120, Semar 110 y 80 otras unidades del sector.<\/p>\n\n\n\n<p>Sostuvo que\nde los 545 casos activos, la Jurisdicci\u00f3n Sanitaria n\u00famero uno Valles Centrales\nregistra 405, el Istmo 43, Mixteca 36, Tuxtepec y Costa 23 cada uno, y la\nSierra (Norte) 15.<\/p>\n\n\n\n<p>En relaci\u00f3n\na la ocupaci\u00f3n hospitalaria global, se tiene un registro del 44.7%, sin\nventilador 49.3% y con ventilador 33.5 %.<\/p>\n\n\n\n<p>Finalmente,\ndijo que en caso de presentar s\u00edntomas como fiebre, tos seca, dolor de\ngarganta, cansancio, dolor de cabeza o p\u00e9rdida de olfato o gusto, las personas\ndeben llamar al Centro de Atenci\u00f3n Telef\u00f3nica de la Unidad de Inteligencia para\nEmergencias en Salud (CAT UIES), 800 770 8437, 951 516 8242, 951 516 1220 y 951\n297 5741.<\/p>\n","protected":false},"excerpt":{"rendered":"<p>Redacci\u00f3n\/Zona Roja. Oaxaca de Ju\u00e1rez, Oax. 17 de agosto de 2020.- El titular de los&hellip;<\/p>\n","protected":false},"author":2,"featured_media":16368,"comment_status":"closed","ping_status":"open","sticky":false,"template":"","format":"standard","meta":{"_lmt_disableupdate":"","_lmt_disable":"","_jetpack_memberships_contains_paid_content":false,"footnotes":""},"categories":[109,47],"tags":[1512],"class_list":["post-16367","post","type-post","status-publish","format-standard","has-post-thumbnail","hentry","category-minuto-a-minuto","category-zona-gris","tag-coronavirus-oaxaca"],"jetpack_featured_media_url":"https:\/\/zonaroja.com.mx\/wp-content\/uploads\/2020\/08\/SSO-2-2.jpeg","jetpack_sharing_enabled":true,"_links":{"self":[{"href":"https:\/\/zonaroja.com.mx\/index.php?rest_route=\/wp\/v2\/posts\/16367","targetHints":{"allow":["GET"]}}],"collection":[{"href":"https:\/\/zonaroja.com.mx\/index.php?rest_route=\/wp\/v2\/posts"}],"about":[{"href":"https:\/\/zonaroja.com.mx\/index.php?rest_route=\/wp\/v2\/types\/post"}],"author":[{"embeddable":true,"href":"https:\/\/zonaroja.com.mx\/index.php?rest_route=\/wp\/v2\/users\/2"}],"replies":[{"embeddable":true,"href":"https:\/\/zonaroja.com.mx\/index.php?rest_route=%2Fwp%2Fv2%2Fcomments&post=16367"}],"version-history":[{"count":2,"href":"https:\/\/zonaroja.com.mx\/index.php?rest_route=\/wp\/v2\/posts\/16367\/revisions"}],"predecessor-version":[{"id":16371,"href":"https:\/\/zonaroja.com.mx\/index.php?rest_route=\/wp\/v2\/posts\/16367\/revisions\/16371"}],"wp:featuredmedia":[{"embeddable":true,"href":"https:\/\/zonaroja.com.mx\/index.php?rest_route=\/wp\/v2\/media\/16368"}],"wp:attachment":[{"href":"https:\/\/zonaroja.com.mx\/index.php?rest_route=%2Fwp%2Fv2%2Fmedia&parent=16367"}],"wp:term":[{"taxonomy":"category","embeddable":true,"href":"https:\/\/zonaroja.com.mx\/index.php?rest_route=%2Fwp%2Fv2%2Fcategories&post=16367"},{"taxonomy":"post_tag","embeddable":true,"href":"https:\/\/zonaroja.com.mx\/index.php?rest_route=%2Fwp%2Fv2%2Ftags&post=16367"}],"curies":[{"name":"wp","href":"https:\/\/api.w.org\/{rel}","templated":true}]}}