{"id":1637,"date":"2019-06-15T18:00:31","date_gmt":"2019-06-15T23:00:31","guid":{"rendered":"http:\/\/www.zonaroja.com.mx\/?p=1637"},"modified":"2019-06-15T18:00:33","modified_gmt":"2019-06-15T23:00:33","slug":"ponte-las-pilas-oswaldo-le-dice-benjamin-robles-a-edil-capitalino","status":"publish","type":"post","link":"https:\/\/zonaroja.com.mx\/?p=1637","title":{"rendered":"\u201c\u00a1Ponte las pilas Oswaldo!\u201d, le dice Benjam\u00edn Robles a edil capitalino"},"content":{"rendered":"\n<p>Redacci\u00f3n<\/p>\n\n\n\n<p>Oaxaca de\nJu\u00e1rez, Oax., 15 de junio de 2019.- El retiro de un m\u00f3dulo sin permiso por\nparte de inspectores del ayuntamiento en la Alameda de Le\u00f3n de la capital, origin\u00f3\nun cisma entre los aliados del Partido del Trabajo y Morena, que junto con\nEncuentro Social contendieron juntos en el pasado proceso electoral.<\/p>\n\n\n\n<p>\u201cMuy grave\nla intolerancia del Pte Mpal de #Oaxaca. Cree que impidiendo que los ciudadanos\ndenuncien su falta de trabajo se arreglar\u00e1n las cosas en el municipio. #PonteLasPilasOswaldo\npero p\u00f3ntelas bien! Respaldamos el trabajo de nuestros dirigentes Distritales y\nMunicipales!\u201d, escribi\u00f3 en su cuenta de Twitter el diputado federal petista\nBenjam\u00edn Robles Montoya.<\/p>\n\n\n\n<p>En el\ntranscurso de la ma\u00f1ana de este s\u00e1bado, afiliados de ese partido y dirigentes\ndistritales y municipales iniciaron la colocaci\u00f3n de un m\u00f3dulo de consulta,\npara pedir la opini\u00f3n de los capitalinos acerca del trabajo de Oswaldo Garc\u00eda\nJarqu\u00edn, quien gan\u00f3 por la alianza de esos tres partidos pol\u00edticos.<\/p>\n\n\n\n<p>Sin embargo,\na la Alameda de Le\u00f3n arribaron inspectores del ayuntamiento de Oaxaca de\nJu\u00e1rez, quienes comenzaron a retirar m\u00f3dulo y equipo de sonido.<\/p>\n\n\n\n<p>Pero la\nreacci\u00f3n de Lenin L\u00f3pez Nelio, ex integrante del PRD y actualmente\nrepresentante del PT, desat\u00f3 reclamos violentos:<\/p>\n\n\n\n<p>\u201c\u00a1Te vamos a\ndemandar, son chingaderes cabr\u00f3n, y ahorita mismo le vamos a dar a Oswaldo!\u2026 Uta\nmadres, qui\u00e9n te crees!\u201d&#8230;, grit\u00f3 a uno de los inspectores.<\/p>\n\n\n\n<p>\u201cPed\u00ed que me\nhablara el secretario municipal, \u00a1yo soy el dirigente del Partido del Trabajo!,\n\u00a1yo soy el dirigente del Partido del Trabajo!\u201d, manoteaba Lenin, mientras lo\nalentaba Jorge Oropeza, ex vocero del Instituto Estatal de Educaci\u00f3n P\u00fablica de\nOaxaca y actual funcionario del Comit\u00e9 Ciudadano del Sistema Estatal de Combate\na la Corrupci\u00f3n.<\/p>\n\n\n\n<p>Tras\ncalmarse los \u00e1nimos, Lenin comenz\u00f3 su guerra en redes sociales:<\/p>\n\n\n\n<p>\u201cEsta ma\u00f1ana\ndirigentes y militantes del @PT_Oaxaca , que intalar\u00edan un m\u00f3dulo de consulta\nciudadana en el Z\u00f3calo de la Ciudad, fueron agredidos por inspectores\nmunicipales y despojados de la papeler\u00eda y del m\u00f3dulo. \u00a1Responsabilizarnos a\n@oswaldogarciaj de esta agresi\u00f3n!\u201d.<\/p>\n\n\n\n<p>\u201cEnviar\ninspectores y polic\u00edas a impedir una consulta p\u00fablica del @PT_Oaxaca muestra tu\nintolerancia y autoritarismo @oswaldogarciaj. No puedes impedir la expresi\u00f3n de\nla opini\u00f3n ciudadana sobre tu gobierno. No le tengas miedo a la calificaci\u00f3n\np\u00fablica\u201d.<\/p>\n\n\n\n<p>Tambi\u00e9n\ngrab\u00f3 un video, junto con Jorge Oropeza, en que sentenci\u00f3: \u201cfuimos agredidos\npor inspectores y polic\u00edas, por instrucciones del presidente municipal Oswaldo\nGarc\u00eda Jarqu\u00edn, a quien responsabilizamos de esta agresi\u00f3n autoritaria, cobarde\u2026\nvamos a exigir en la C\u00e1mara local que se le finquen responsabilidades a \u00e9l y a\nlos funcionarios que nos agredieron\u201d.<\/p>\n\n\n\n<p>El ayuntamiento\ncapitalino no ha emitido una postura al respecto.<\/p>\n","protected":false},"excerpt":{"rendered":"<p>Redacci\u00f3n Oaxaca de Ju\u00e1rez, Oax., 15 de junio de 2019.- El retiro de un m\u00f3dulo&hellip;<\/p>\n","protected":false},"author":2,"featured_media":1638,"comment_status":"closed","ping_status":"open","sticky":false,"template":"","format":"standard","meta":{"_lmt_disableupdate":"","_lmt_disable":"","_jetpack_memberships_contains_paid_content":false,"footnotes":""},"categories":[109,51],"tags":[116,114,115],"class_list":["post-1637","post","type-post","status-publish","format-standard","has-post-thumbnail","hentry","category-minuto-a-minuto","category-zona-roja","tag-benjamin-robles-montoya","tag-morena","tag-oswaldo-garcia-jarquin"],"jetpack_featured_media_url":"https:\/\/zonaroja.com.mx\/wp-content\/uploads\/2019\/06\/ac6fad48-ba18-4f4c-84c4-eb40e9cac0ab.jpg","jetpack_sharing_enabled":true,"_links":{"self":[{"href":"https:\/\/zonaroja.com.mx\/index.php?rest_route=\/wp\/v2\/posts\/1637","targetHints":{"allow":["GET"]}}],"collection":[{"href":"https:\/\/zonaroja.com.mx\/index.php?rest_route=\/wp\/v2\/posts"}],"about":[{"href":"https:\/\/zonaroja.com.mx\/index.php?rest_route=\/wp\/v2\/types\/post"}],"author":[{"embeddable":true,"href":"https:\/\/zonaroja.com.mx\/index.php?rest_route=\/wp\/v2\/users\/2"}],"replies":[{"embeddable":true,"href":"https:\/\/zonaroja.com.mx\/index.php?rest_route=%2Fwp%2Fv2%2Fcomments&post=1637"}],"version-history":[{"count":1,"href":"https:\/\/zonaroja.com.mx\/index.php?rest_route=\/wp\/v2\/posts\/1637\/revisions"}],"predecessor-version":[{"id":1639,"href":"https:\/\/zonaroja.com.mx\/index.php?rest_route=\/wp\/v2\/posts\/1637\/revisions\/1639"}],"wp:featuredmedia":[{"embeddable":true,"href":"https:\/\/zonaroja.com.mx\/index.php?rest_route=\/wp\/v2\/media\/1638"}],"wp:attachment":[{"href":"https:\/\/zonaroja.com.mx\/index.php?rest_route=%2Fwp%2Fv2%2Fmedia&parent=1637"}],"wp:term":[{"taxonomy":"category","embeddable":true,"href":"https:\/\/zonaroja.com.mx\/index.php?rest_route=%2Fwp%2Fv2%2Fcategories&post=1637"},{"taxonomy":"post_tag","embeddable":true,"href":"https:\/\/zonaroja.com.mx\/index.php?rest_route=%2Fwp%2Fv2%2Ftags&post=1637"}],"curies":[{"name":"wp","href":"https:\/\/api.w.org\/{rel}","templated":true}]}}