{"id":16372,"date":"2020-08-18T09:00:32","date_gmt":"2020-08-18T14:00:32","guid":{"rendered":"http:\/\/www.zonaroja.com.mx\/?p=16372"},"modified":"2020-08-17T19:41:38","modified_gmt":"2020-08-18T00:41:38","slug":"en-oaxaca-la-tregua-que-no-llega-cuadernos-de-la-pandemia","status":"publish","type":"post","link":"https:\/\/zonaroja.com.mx\/?p=16372","title":{"rendered":"En Oaxaca, la tregua que no llega: \u201cCuadernos de la Pandemia\u201d"},"content":{"rendered":"\n<p>Evlin\nArag\u00f3n\/Zona Roja.<\/p>\n\n\n\n<p>Oaxaca de Ju\u00e1rez, Oax., 18 de agosto de 2020.- \u201cLa pandemia no da tregua y, sin embargo, a contracorriente, los gobiernos siguen intentando reactivar la econom\u00eda del pa\u00eds pese a los riesgos que a\u00fan persisten para la salud de los mexicanos\u201d. <\/p>\n\n\n\n<p>As\u00ed inicia la novena edici\u00f3n de \u201cCuadernos de la Pandemia\u201d, publicaci\u00f3n oaxaque\u00f1a que con una amplia variedad de voces, le ha dado cobertura a la contingencia sanitaria que est\u00e1 a punto de cumplir cinco meses, en los que pareciera que las autoridades no han entendido la devastaci\u00f3n que deja a su paso. <\/p>\n\n\n\n<p>En este n\u00famero,\nIsidoro Yescas Mart\u00ednez y Carlos S\u00e1nchez Islas invitan a la reflexi\u00f3n en torno\na que, en pleno sem\u00e1foro epidemiol\u00f3gico en color naranja, las autoridades del\ngobierno de Oaxaca no han podido garantizar que \u00fanicamente las actividades\nesenciales se encuentren funcionando, por el contrario, hoy en d\u00eda bares y\ncantinas ya han reactivado labores en la capital y zona metropolitana. <\/p>\n\n\n\n<p>Tal y como\nlo hicieron en la edici\u00f3n anterior, la revista ha decidido darle un lugar\nimportante a la tragedia que se vive en el Istmo de Tehuantepec, una de las\ntres regiones m\u00e1s azotadas por la pandemia, por lo que aborda la problem\u00e1tica\nen torno a la salud, el abandono de las autoridades y el efecto demoledor de la\nviolencia criminal. <\/p>\n\n\n\n<p>La\ncomunicaci\u00f3n y la educaci\u00f3n tambi\u00e9n son analizadas en las p\u00e1ginas del m\u00e1s\nreciente ejemplar, luego de que se anunciara el inicio del ciclo escolar\n2020-2021 a distancia y con la participaci\u00f3n de las televisoras m\u00e1s importantes\ndel pa\u00eds, acci\u00f3n que ha sido rechazada por el gremio magisterial\noaxaque\u00f1o.&nbsp; <\/p>\n\n\n\n<p>As\u00ed mismo se\nincluye una pregunta detonadora para un sinf\u00edn de an\u00e1lisis. \u00bfC\u00f3mo estamos en\nsalud p\u00fablica?, misma que puede dar una amplia gama de respuestas, incluido el\nesperanzador anuncio mundial y nacional de una vacuna \u201canticovid\u201d que ponga fin\na la tragedia que se vive en todo el pa\u00eds y en la entidad oaxaque\u00f1a. <\/p>\n\n\n\n<p>Los temas\nque incluye este ejemplar son: Quinto poder, el rol de CORTV y un \u201ctel\u00e9fono\ndescompuesto\u201d; Educaci\u00f3n h\u00edbrida con desigualdades sociales; Nuevas condiciones\ndel retorno a clases; Derechos laborales de los periodistas en el olvido; La\nque no pudo controlar sus fobias. \u201c&nbsp; <\/p>\n\n\n\n<p>As\u00ed mismo:\nMilagros\u201d y maldiciones pand\u00e9micas en la ruta del trans\u00edstmico; \u201cPrimero los\npobres\u2026pero al pante\u00f3n\u201d; Pandemia y crimen local en el Istmo.&nbsp; <\/p>\n\n\n\n<p>Pol\u00edticas\np\u00fablicas sanitarias y nueva normalidad; Relato de vacuna y deseos virtuales;\nsin dejar de lado el ensayo fotogr\u00e1fico que retrata de forma gr\u00e1fica la\npandemia. <\/p>\n\n\n\n<p>Todo lo\nanterior con la participaci\u00f3n de: Claudio S\u00e1nchez Islas, Joel Vicente Cort\u00e9s,\nRodrigo Vel\u00e1squez Torres, V\u00edctor Ruiz Arrazola, Manuel Esparza, Carlo Sorroza\nPolo, Carlo Beas Torres, Gerardo Garfias Ruiz, Samael Hern\u00e1ndez Ruiz y\nBartolom\u00e9 Rodolfo Navarro Jim\u00e9nez.&nbsp; <\/p>\n\n\n\n<p>La revista\ndigital puede descargarse en el siguiente link:\nhttps:\/\/indd.adobe.com\/view\/ee84d27f-1619-478c-bbee-5b882816717f <\/p>\n","protected":false},"excerpt":{"rendered":"<p>Evlin Arag\u00f3n\/Zona Roja. Oaxaca de Ju\u00e1rez, Oax., 18 de agosto de 2020.- \u201cLa pandemia no&hellip;<\/p>\n","protected":false},"author":2,"featured_media":16373,"comment_status":"closed","ping_status":"open","sticky":false,"template":"","format":"standard","meta":{"_lmt_disableupdate":"","_lmt_disable":"","_jetpack_memberships_contains_paid_content":false,"footnotes":""},"categories":[109,46],"tags":[1655],"class_list":["post-16372","post","type-post","status-publish","format-standard","has-post-thumbnail","hentry","category-minuto-a-minuto","category-zona-blanca","tag-cuadernos-de-la-pandemia"],"jetpack_featured_media_url":"https:\/\/zonaroja.com.mx\/wp-content\/uploads\/2020\/08\/Cuadernos-de-la-Pandemia-9.jpg","jetpack_sharing_enabled":true,"_links":{"self":[{"href":"https:\/\/zonaroja.com.mx\/index.php?rest_route=\/wp\/v2\/posts\/16372","targetHints":{"allow":["GET"]}}],"collection":[{"href":"https:\/\/zonaroja.com.mx\/index.php?rest_route=\/wp\/v2\/posts"}],"about":[{"href":"https:\/\/zonaroja.com.mx\/index.php?rest_route=\/wp\/v2\/types\/post"}],"author":[{"embeddable":true,"href":"https:\/\/zonaroja.com.mx\/index.php?rest_route=\/wp\/v2\/users\/2"}],"replies":[{"embeddable":true,"href":"https:\/\/zonaroja.com.mx\/index.php?rest_route=%2Fwp%2Fv2%2Fcomments&post=16372"}],"version-history":[{"count":2,"href":"https:\/\/zonaroja.com.mx\/index.php?rest_route=\/wp\/v2\/posts\/16372\/revisions"}],"predecessor-version":[{"id":16406,"href":"https:\/\/zonaroja.com.mx\/index.php?rest_route=\/wp\/v2\/posts\/16372\/revisions\/16406"}],"wp:featuredmedia":[{"embeddable":true,"href":"https:\/\/zonaroja.com.mx\/index.php?rest_route=\/wp\/v2\/media\/16373"}],"wp:attachment":[{"href":"https:\/\/zonaroja.com.mx\/index.php?rest_route=%2Fwp%2Fv2%2Fmedia&parent=16372"}],"wp:term":[{"taxonomy":"category","embeddable":true,"href":"https:\/\/zonaroja.com.mx\/index.php?rest_route=%2Fwp%2Fv2%2Fcategories&post=16372"},{"taxonomy":"post_tag","embeddable":true,"href":"https:\/\/zonaroja.com.mx\/index.php?rest_route=%2Fwp%2Fv2%2Ftags&post=16372"}],"curies":[{"name":"wp","href":"https:\/\/api.w.org\/{rel}","templated":true}]}}