{"id":16379,"date":"2020-08-17T07:51:12","date_gmt":"2020-08-17T12:51:12","guid":{"rendered":"http:\/\/www.zonaroja.com.mx\/?p=16379"},"modified":"2020-08-17T07:51:19","modified_gmt":"2020-08-17T12:51:19","slug":"lista-la-programacion-de-tv-para-ciclo-escolar-incluye-a-padres","status":"publish","type":"post","link":"https:\/\/zonaroja.com.mx\/?p=16379","title":{"rendered":"Lista la programaci\u00f3n de tv para ciclo escolar; incluye a padres"},"content":{"rendered":"\n<p>Redacci\u00f3n\/Zona\nRoja Cdmx.<\/p>\n\n\n\n<p>Ciudad de\nM\u00e9xico, 17 de agosto de 2020.- Para la educaci\u00f3n a distancia, est\u00e1 lista la\nprogramaci\u00f3n en cuatro canales de televisi\u00f3n nacional que abrir\u00e1n se\u00f1al el 24\nde agosto, inform\u00f3 la SEP.<\/p>\n\n\n\n<p>En el canal\n5.2 de Televisa (ya disponible y en espera de se\u00f1al) se transmitir\u00e1 educaci\u00f3n\nInicial, Primero, Segundo y Tercero de primaria, as\u00ed como tambi\u00e9n a trav\u00e9s de\nOnce Ni\u00f1os, en el 11.2.<\/p>\n\n\n\n<p>Se\nhabilitar\u00e1 el canal 7.3 de TV Azteca donde se transmitir\u00e1 educaci\u00f3n inicial,\ncuarto, quinto y sexto grado de primaria.<\/p>\n\n\n\n<p>Tambi\u00e9n se\nactiv\u00f3 el 3.2 para que Imagen TV transmita contenidos de secundaria; mientras\nque para preparatoria, Multimedios TV transmitir\u00e1 las clases en el 6.3 y\nestar\u00e1n disponibles adem\u00e1s en el 14.2 de Ingenio TV.<\/p>\n\n\n\n<p>Los horarios\ndependen del grado acad\u00e9mico de los estudiantes; para educaci\u00f3n inicial ser\u00e1n\nde 13:30 a 14:00 horas, y para preescolar de 8:00 a 9:00 horas.<\/p>\n\n\n\n<p>Las de\nprimer a\u00f1o est\u00e1n marcadas de las 9:00 a las 11:30 horas; de segundo grado ser\u00e1n\nde 11:00 a 13:30 horas; mientras que para tercer ciclo de 15:00 a 17:30 horas.<\/p>\n\n\n\n<p>Para cuarto\na\u00f1o de primaria, las clases arrancan a las 9:00 horas y concluyen a las 11:30\nhoras; quinto a\u00f1o de 11:30 a 14:00 horas; y sexto grado de 15:00 a 17:00 horas.<\/p>\n\n\n\n<p>En tanto,\nlos contenidos de secundaria ser\u00e1n de 8:00 a 11:30 horas para primero, de 10:30\na 13:00 horas para segundo, y para tercero de 15:00 a 18:30 horas.<\/p>\n\n\n\n<p>Adem\u00e1s, se\ncontar\u00e1 con una programaci\u00f3n para padres de familia y tutores en la opci\u00f3n del\ncanal 10.2 de El Heraldo TV, de las 23:00 a las 23:30 horas.<\/p>\n\n\n\n<p>El sitio\nwww.sep.gob.mx publica los horarios para que los estudiantes conozcan tanto la\nzona de cobertura y la forma en que ser\u00e1n transmitidas las materias que tienen\nque cursar.<\/p>\n\n\n\n<p>(Informaci\u00f3n\nde \u201cEl Heraldo de M\u00e9xico\u201d)<\/p>\n","protected":false},"excerpt":{"rendered":"<p>Redacci\u00f3n\/Zona Roja Cdmx. Ciudad de M\u00e9xico, 17 de agosto de 2020.- Para la educaci\u00f3n a&hellip;<\/p>\n","protected":false},"author":2,"featured_media":16380,"comment_status":"closed","ping_status":"open","sticky":false,"template":"","format":"standard","meta":{"_lmt_disableupdate":"","_lmt_disable":"","_jetpack_memberships_contains_paid_content":false,"footnotes":""},"categories":[109,46],"tags":[1881],"class_list":["post-16379","post","type-post","status-publish","format-standard","has-post-thumbnail","hentry","category-minuto-a-minuto","category-zona-blanca","tag-secretaria-de-educacion-publica-sep"],"jetpack_featured_media_url":"https:\/\/zonaroja.com.mx\/wp-content\/uploads\/2020\/08\/Clases-por-tv.jpg","jetpack_sharing_enabled":true,"_links":{"self":[{"href":"https:\/\/zonaroja.com.mx\/index.php?rest_route=\/wp\/v2\/posts\/16379","targetHints":{"allow":["GET"]}}],"collection":[{"href":"https:\/\/zonaroja.com.mx\/index.php?rest_route=\/wp\/v2\/posts"}],"about":[{"href":"https:\/\/zonaroja.com.mx\/index.php?rest_route=\/wp\/v2\/types\/post"}],"author":[{"embeddable":true,"href":"https:\/\/zonaroja.com.mx\/index.php?rest_route=\/wp\/v2\/users\/2"}],"replies":[{"embeddable":true,"href":"https:\/\/zonaroja.com.mx\/index.php?rest_route=%2Fwp%2Fv2%2Fcomments&post=16379"}],"version-history":[{"count":1,"href":"https:\/\/zonaroja.com.mx\/index.php?rest_route=\/wp\/v2\/posts\/16379\/revisions"}],"predecessor-version":[{"id":16381,"href":"https:\/\/zonaroja.com.mx\/index.php?rest_route=\/wp\/v2\/posts\/16379\/revisions\/16381"}],"wp:featuredmedia":[{"embeddable":true,"href":"https:\/\/zonaroja.com.mx\/index.php?rest_route=\/wp\/v2\/media\/16380"}],"wp:attachment":[{"href":"https:\/\/zonaroja.com.mx\/index.php?rest_route=%2Fwp%2Fv2%2Fmedia&parent=16379"}],"wp:term":[{"taxonomy":"category","embeddable":true,"href":"https:\/\/zonaroja.com.mx\/index.php?rest_route=%2Fwp%2Fv2%2Fcategories&post=16379"},{"taxonomy":"post_tag","embeddable":true,"href":"https:\/\/zonaroja.com.mx\/index.php?rest_route=%2Fwp%2Fv2%2Ftags&post=16379"}],"curies":[{"name":"wp","href":"https:\/\/api.w.org\/{rel}","templated":true}]}}