{"id":16387,"date":"2020-08-17T11:02:52","date_gmt":"2020-08-17T16:02:52","guid":{"rendered":"https:\/\/www.zonaroja.com.mx\/?p=16387"},"modified":"2020-08-17T11:02:54","modified_gmt":"2020-08-17T16:02:54","slug":"el-pequeno-astronauta-salinacrucense-que-se-viralizo-en-las-redes-sociales","status":"publish","type":"post","link":"https:\/\/zonaroja.com.mx\/?p=16387","title":{"rendered":"El peque\u00f1o \u201castronauta\u201d salinacrucense que se viraliz\u00f3 en las redes sociales"},"content":{"rendered":"\n<p class=\"MsoNormal\">Evlin Arag\u00f3n\/Zona Roja. <\/p>\n\n\n\n<p class=\"MsoNormal\">Oaxaca de Ju\u00e1rez, Oax., 17 de agosto de 2020.- Un peque\u00f1o astronauta caminando por los pasillos del hospital en Salina Cruz, municipio de la regi\u00f3n del Istmo de Tehuantepec, atrap\u00f3 la mirada de quienes se encontraban al interior y exterior del nosocomio durante este fin de semana.  <\/p>\n\n\n\n<p class=\"MsoNormal\">Cubierto de pies a cabeza con un traje blanco, unos propulsores adaptados en la espalda, usando cubrebocas y careta, as\u00ed fue como lleg\u00f3 V\u00edctor Aldebar\u00e1n, de tan s\u00f3lo cuatro a\u00f1os de edad, a recibir su vacuna, misma que su familia hab\u00eda postergado debido a la pandemia por Covid-19, pero que era necesaria cubrir para su bienestar. <\/p>\n\n\n\n<p class=\"MsoNormal\">\u201cA mi hijo le gustan mucho los trajes y hace unos d\u00edas en una clase que tuvimos aprendi\u00f3 el sistema solar, le gusta ver por el GPS satelital, entonces se me ocurri\u00f3 adaptar un traje de astronauta y al mismo tiempo protegerlo\u201d, refiri\u00f3 Alohani Cabrera V\u00e1squez madre del peque\u00f1o que como a muchas m\u00e1s les preocupa y ocupa extremar precauciones con las y los ni\u00f1os.&nbsp;<\/p>\n\n\n\n<p class=\"MsoNormal\">Sin dudarlo y utilizando un traje de su esposo, algunos materiales extras, pero sobre todo la creatividad y el amor a su hijo, la madre de V\u00edctor logr\u00f3 colocar hasta los propulsores que el ni\u00f1o le pidi\u00f3 para poder volar alto al espacio y poder llegar a su vacuna pendiente.&nbsp;<\/p>\n\n\n\n<p class=\"MsoNormal\">\u201cFue una experiencia m\u00e1gica para \u00e9l porque fue vestido de astronauta, cuando llegamos al hospital vio a los soldaditos de Toy Story que son los que est\u00e1n en las entradas resguardando la seguridad (los marinos), todos lo saludaban y \u00e9l muy contento les respond\u00eda, adentro vio a otros astronautas que llevaban sus cascos, pero \u00e9l estaba contento porqu\u00e9 \u00e9l era el \u00fanico que llevaba propulsores y lo hac\u00eda volar m\u00e1s alto hasta ver los planetas\u201d, continu\u00f3 el relato en sus redes sociales.&nbsp;<\/p>\n\n\n\n<p class=\"MsoNormal\">Como buen astronauta, el peque\u00f1o V\u00edctor Aldebar\u00e1n no se quit\u00f3 su traje, lo cual era el cometido de su madre para evitar cualquier riesgo de contagio de Covid-19 que en estos momentos registra un importante n\u00famero de casos confirmados en la regi\u00f3n del Istmo de Tehuantepec, de donde es originaria la familia.  <\/p>\n\n\n\n<p class=\"MsoNormal\">Alohani fue tan precavida al momento de confeccionar el traje que investig\u00f3 en que parte del cuerpo le aplicar\u00edan la vacuna al peque\u00f1o y le hizo una ranura al traje para que no fuera necesario mover nada.&nbsp;&nbsp;<\/p>\n\n\n\n<p class=\"MsoNormal\">\u201cFue una experiencia gal\u00e1ctica para mi hijo. Todo esto que estamos viviendo es nuevo para todos, si podemos hacer un momento m\u00e1gico \u00bfpor qu\u00e9 no hacerlo? La imaginaci\u00f3n de los ni\u00f1os y su inocencia es hermosa\u201d, manifest\u00f3, como parte del mensaje con el que acompa\u00f1\u00f3 las im\u00e1genes que han sido compartidas en m\u00e1s de mil 800 ocasiones, viralizando la historia. <\/p>\n\n\n\n<p class=\"MsoNormal\">El relato del peque\u00f1o inspir\u00f3 un hermoso dibujo realizado por el equipo de \u201cLa Fisiopedia\u201d -p\u00e1gina de Facebook que se ha dado a la tarea de difundir la importancia de la fisioterapia- y el cual fue bien recibido por la familia del mini \u201castronauta\u201d oaxaque\u00f1o.&nbsp;<\/p>\n\n\n\n<p>\u201cLa mam\u00e1 del peque\u00f1o ya nos escribi\u00f3 dici\u00e9ndonos que al peque\u00f1o astronauta le gust\u00f3 mucho. La verdad lo hicimos con mucho cari\u00f1o al ver lo tierno que se ve\u00eda con su disfraz. Gracias a todos los que ayudaron a compartirlo, no cre\u00edmos que fuera a llegar hasta \u00e9l, pero el internet no deja de sorprenderme\u201d, refiere Donaldo quien encabeza el proyecto en redes sociales.&nbsp;<\/p>\n\n\n\n<figure class=\"wp-block-image\"><img decoding=\"async\" src=\"73DA845B-2602-4D52-98E5-3E21AE1326AE\" alt=\"\" \/><\/figure>\n","protected":false},"excerpt":{"rendered":"<p>Evlin Arag\u00f3n\/Zona Roja. Oaxaca de Ju\u00e1rez, Oax., 17 de agosto de 2020.- Un peque\u00f1o astronauta&hellip;<\/p>\n","protected":false},"author":2,"featured_media":16386,"comment_status":"closed","ping_status":"open","sticky":false,"template":"","format":"standard","meta":{"_lmt_disableupdate":"","_lmt_disable":"","_jetpack_memberships_contains_paid_content":false,"footnotes":""},"categories":[109,46],"tags":[],"class_list":["post-16387","post","type-post","status-publish","format-standard","has-post-thumbnail","hentry","category-minuto-a-minuto","category-zona-blanca"],"jetpack_featured_media_url":"https:\/\/zonaroja.com.mx\/wp-content\/uploads\/2020\/08\/img_0289.jpg","jetpack_sharing_enabled":true,"_links":{"self":[{"href":"https:\/\/zonaroja.com.mx\/index.php?rest_route=\/wp\/v2\/posts\/16387","targetHints":{"allow":["GET"]}}],"collection":[{"href":"https:\/\/zonaroja.com.mx\/index.php?rest_route=\/wp\/v2\/posts"}],"about":[{"href":"https:\/\/zonaroja.com.mx\/index.php?rest_route=\/wp\/v2\/types\/post"}],"author":[{"embeddable":true,"href":"https:\/\/zonaroja.com.mx\/index.php?rest_route=\/wp\/v2\/users\/2"}],"replies":[{"embeddable":true,"href":"https:\/\/zonaroja.com.mx\/index.php?rest_route=%2Fwp%2Fv2%2Fcomments&post=16387"}],"version-history":[{"count":1,"href":"https:\/\/zonaroja.com.mx\/index.php?rest_route=\/wp\/v2\/posts\/16387\/revisions"}],"predecessor-version":[{"id":16388,"href":"https:\/\/zonaroja.com.mx\/index.php?rest_route=\/wp\/v2\/posts\/16387\/revisions\/16388"}],"wp:featuredmedia":[{"embeddable":true,"href":"https:\/\/zonaroja.com.mx\/index.php?rest_route=\/wp\/v2\/media\/16386"}],"wp:attachment":[{"href":"https:\/\/zonaroja.com.mx\/index.php?rest_route=%2Fwp%2Fv2%2Fmedia&parent=16387"}],"wp:term":[{"taxonomy":"category","embeddable":true,"href":"https:\/\/zonaroja.com.mx\/index.php?rest_route=%2Fwp%2Fv2%2Fcategories&post=16387"},{"taxonomy":"post_tag","embeddable":true,"href":"https:\/\/zonaroja.com.mx\/index.php?rest_route=%2Fwp%2Fv2%2Ftags&post=16387"}],"curies":[{"name":"wp","href":"https:\/\/api.w.org\/{rel}","templated":true}]}}