{"id":16389,"date":"2020-08-17T12:59:10","date_gmt":"2020-08-17T17:59:10","guid":{"rendered":"http:\/\/www.zonaroja.com.mx\/?p=16389"},"modified":"2020-08-17T12:59:14","modified_gmt":"2020-08-17T17:59:14","slug":"tercera-semana-en-semaforo-naranja-arranca-con-1600-casos-mas-que-en-su-arranque","status":"publish","type":"post","link":"https:\/\/zonaroja.com.mx\/?p=16389","title":{"rendered":"Tercera semana en sem\u00e1foro naranja arranca, con 1,600 casos m\u00e1s que en su arranque"},"content":{"rendered":"\n<p>Yuridiana\nSosa\/Zona Roja.<\/p>\n\n\n\n<p>Oaxaca de\nJu\u00e1rez, Oax., 17 de agosto de 2020.- La entidad entra a su tercera semana en\ntr\u00e1nsito por el sem\u00e1foro naranja por la pandemia de Covid-19, con una\ndiferencia de mil 622 nuevos casos y 176 defunciones m\u00e1s que en su inicio el\npasado 3 de agosto, de acuerdo con los reportes diarios de los Servicios de\nSalud de Oaxaca (SSO).<\/p>\n\n\n\n<p>El aumento\nde casos en la entidad se mantuvo por arriba de los 79 contagios diarios, desde\nel lunes pasado, a excepci\u00f3n de este 16 de agosto cuando la Secretar\u00eda de Salud\nde Oaxaca report\u00f3 el incremento de 56, el m\u00e1s bajo durante la semana.<\/p>\n\n\n\n<p>Es decir, en la segunda semana por sem\u00e1foro naranja, la entidad acumul\u00f3 un total de 599 nuevos casos, as\u00ed como 77 defunciones m\u00e1s, para alcanzar un acumulado de 12 mil 358 casos y mil 145 muertes por Covid-19.<\/p>\n\n\n\n<p>Durante ese\nlapso, el pasado viernes fue el d\u00eda que los SSO reportaron el mayor n\u00famero de\nnuevos contagios de Covid, con 155 positivos m\u00e1s, mientras que el martes fue el\nde mayor n\u00famero de defunciones, con 29 casos.<\/p>\n\n\n\n<p>Por\njurisdicciones sanitarias, la de Valles Centrales es la que arrebata en las\ncifras al acumular 394 casos en la semana, es decir, representa el 65.7 por\nciento de la cifra estatal; en cuanto a las defunciones, sum\u00f3 31,\ncorrespondiente al 40 por ciento de las estatales.<\/p>\n\n\n\n<p>Le sigui\u00f3 la\nJurisdicci\u00f3n 2 del Istmo con 98 nuevos positivos a Covid-19 y 32 defunciones,\ncerrando la cifra en mil 284 casos y 126 muertes.<\/p>\n\n\n\n<p>La\nJurisdicci\u00f3n 5 de la Mixteca registr\u00f3 38 casos m\u00e1s y tres muertes, para\nacumular un total de 691 casos y 67 defunciones.<\/p>\n\n\n\n<p>En n\u00famero de\ncasos durante la semana, la Jurisdicci\u00f3n 3 de Tuxtepec registr\u00f3 36 nuevos casos\ny cinco defunciones, con un total de mil 567 contagios y 227 defunciones por\ncoronavirus durante la pandemia.<\/p>\n\n\n\n<p>En la Costa,\nla Jurisdicci\u00f3n n\u00famero 4 registr\u00f3 22 nuevos casos en la semana y cinco\ndefunciones, con un total de 501 contagios y 54 decesos.<\/p>\n\n\n\n<p>Mientras que\nlos municipios de la jurisdicci\u00f3n 6 de la Sierra son los que menos casos de\ncovid-19 han presentado, con un total de 207 enfermos y 34 muertes, de las que\ndurante la semana que culmin\u00f3 fueron 11 positivos y una defunci\u00f3n.<\/p>\n\n\n\n<p>Desde el\ninicio de la pandemia en M\u00e9xico han pasado casi cinco meses, pues fue el pasado\n30 de marzo el Diario Oficial de la Federaci\u00f3n public\u00f3 el acuerdo por el que el\nConsejo de Salubridad General del Gobierno Federal de M\u00e9xico declar\u00f3 emergencia\nsanitaria por la epidemia de enfermedad generada por el virus SARS-CoV2 (Covid-19).<\/p>\n","protected":false},"excerpt":{"rendered":"<p>Yuridiana Sosa\/Zona Roja. Oaxaca de Ju\u00e1rez, Oax., 17 de agosto de 2020.- La entidad entra&hellip;<\/p>\n","protected":false},"author":2,"featured_media":16390,"comment_status":"closed","ping_status":"open","sticky":false,"template":"","format":"standard","meta":{"_lmt_disableupdate":"","_lmt_disable":"","_jetpack_memberships_contains_paid_content":false,"footnotes":""},"categories":[109,47],"tags":[1512],"class_list":["post-16389","post","type-post","status-publish","format-standard","has-post-thumbnail","hentry","category-minuto-a-minuto","category-zona-gris","tag-coronavirus-oaxaca"],"jetpack_featured_media_url":"https:\/\/zonaroja.com.mx\/wp-content\/uploads\/2020\/08\/Covid-Oaxaca-4.jpg","jetpack_sharing_enabled":true,"_links":{"self":[{"href":"https:\/\/zonaroja.com.mx\/index.php?rest_route=\/wp\/v2\/posts\/16389","targetHints":{"allow":["GET"]}}],"collection":[{"href":"https:\/\/zonaroja.com.mx\/index.php?rest_route=\/wp\/v2\/posts"}],"about":[{"href":"https:\/\/zonaroja.com.mx\/index.php?rest_route=\/wp\/v2\/types\/post"}],"author":[{"embeddable":true,"href":"https:\/\/zonaroja.com.mx\/index.php?rest_route=\/wp\/v2\/users\/2"}],"replies":[{"embeddable":true,"href":"https:\/\/zonaroja.com.mx\/index.php?rest_route=%2Fwp%2Fv2%2Fcomments&post=16389"}],"version-history":[{"count":1,"href":"https:\/\/zonaroja.com.mx\/index.php?rest_route=\/wp\/v2\/posts\/16389\/revisions"}],"predecessor-version":[{"id":16391,"href":"https:\/\/zonaroja.com.mx\/index.php?rest_route=\/wp\/v2\/posts\/16389\/revisions\/16391"}],"wp:featuredmedia":[{"embeddable":true,"href":"https:\/\/zonaroja.com.mx\/index.php?rest_route=\/wp\/v2\/media\/16390"}],"wp:attachment":[{"href":"https:\/\/zonaroja.com.mx\/index.php?rest_route=%2Fwp%2Fv2%2Fmedia&parent=16389"}],"wp:term":[{"taxonomy":"category","embeddable":true,"href":"https:\/\/zonaroja.com.mx\/index.php?rest_route=%2Fwp%2Fv2%2Fcategories&post=16389"},{"taxonomy":"post_tag","embeddable":true,"href":"https:\/\/zonaroja.com.mx\/index.php?rest_route=%2Fwp%2Fv2%2Ftags&post=16389"}],"curies":[{"name":"wp","href":"https:\/\/api.w.org\/{rel}","templated":true}]}}