{"id":16395,"date":"2020-08-17T15:34:37","date_gmt":"2020-08-17T20:34:37","guid":{"rendered":"http:\/\/www.zonaroja.com.mx\/?p=16395"},"modified":"2020-08-17T15:34:41","modified_gmt":"2020-08-17T20:34:41","slug":"llama-diputado-a-sumar-esfuerzos-para-erradicar-obesidad-y-diabetes-en-menores","status":"publish","type":"post","link":"https:\/\/zonaroja.com.mx\/?p=16395","title":{"rendered":"Llama diputado a sumar esfuerzos para erradicar obesidad y diabetes en menores"},"content":{"rendered":"\n<p>Redacci\u00f3n\/Zona\nRoja.<\/p>\n\n\n\n<p>Oaxaca de\nJu\u00e1rez, Oax., 17 de agosto de 2020.- El presidente de la Junta de Coordinaci\u00f3n\nPol\u00edtica (Jucopo) del Congreso de Oaxaca, Horacio Sosa Villavicencio, llam\u00f3 a los\nintegrantes del sector empresarial a sumar esfuerzos que privilegien la salud\nde ni\u00f1as y ni\u00f1os en la entidad.<\/p>\n\n\n\n<p>Indic\u00f3 que\nel objetivo de la adici\u00f3n a la Ley de Ni\u00f1as, Ni\u00f1os y Adolescentes para el\nEstado de Oaxaca, que proh\u00edbe la venta de alimentos chatarra y bebidas\nazucaradas de alto contenido cal\u00f3rico a menores de edad, es coadyuvar a\nresolver los graves problemas de salud que implica para la infancia el consumo\nde estos productos.<\/p>\n\n\n\n<p>Expuso que,\nde la mano sociedad civil y gobierno, es la \u00fanica manera que en que se podr\u00e1\nerradicar la obesidad, el sobrepeso, la diabetes y otras enfermedades que\nmerman considerablemente la calidad de vida de las personas, e incluso\nocasionan la muerte.<\/p>\n\n\n\n<p>Celebr\u00f3 el\ninter\u00e9s del sector empresarial de ser coadyuvante en la implementaci\u00f3n y\nadecuaci\u00f3n de dicha ley. Inform\u00f3 se han realizado diversas reuniones de trabajo\nde forma virtual, de las cuales han emanado propuestas que buscan mejorar la\nley aprobada.<\/p>\n\n\n\n<p>Anunci\u00f3 que\npr\u00f3ximamente empresarios del interior del pa\u00eds, vendr\u00e1n al Congreso local, para\ndiscutir y analizar el contenido dicha ley. Aclar\u00f3 que la ley antes mencionada,\nno representa una barrera comercial, para el sector empresarial.<\/p>\n\n\n\n<p>Lament\u00f3 la\ncampa\u00f1a de desinformaci\u00f3n y desprestigio que se ha puesto en marcha a trav\u00e9s de\nlos diferentes medios de comunicaci\u00f3n, en la que se se\u00f1ala se afectar\u00e1 la venta\nde productos elaborados de forma artesanal, hechos con productos naturales.<\/p>\n\n\n\n<p>En este\nsentido, dijo que ser\u00e1 trascendental el trabajo de la Secretar\u00eda de Salud de\nOaxaca, para la ejecuci\u00f3n de esta ley, pues ser\u00e1 la encargada de seleccionar de\nacuerdo a las Normas Oficiales Mexicanas, los productos prohibidos para su\nventa a la poblaci\u00f3n infantil. <\/p>\n\n\n\n<p>Sosa\nVillavicencio indic\u00f3 que el Poder Legislativo cumpli\u00f3 con su parte, ahora le\ntoca al Ejecutivo estatal, implementar campa\u00f1as que cuenten con la informaci\u00f3n\nnecesaria para la toma de decisiones y que incentiven la actividad f\u00edsica y los\nh\u00e1bitos de vida saludable.<\/p>\n\n\n\n<p>Celebr\u00f3 el\nhecho de que otros congresos en el pa\u00eds, se sumen a esta iniciativa, porque\ndijo las enfermedades cr\u00f3nico degenerativas que afectan a la poblaci\u00f3n infantil\nvan al alza.<\/p>\n","protected":false},"excerpt":{"rendered":"<p>Redacci\u00f3n\/Zona Roja. Oaxaca de Ju\u00e1rez, Oax., 17 de agosto de 2020.- El presidente de la&hellip;<\/p>\n","protected":false},"author":2,"featured_media":16396,"comment_status":"closed","ping_status":"open","sticky":false,"template":"","format":"standard","meta":{"_lmt_disableupdate":"","_lmt_disable":"","_jetpack_memberships_contains_paid_content":false,"footnotes":""},"categories":[109,46],"tags":[444],"class_list":["post-16395","post","type-post","status-publish","format-standard","has-post-thumbnail","hentry","category-minuto-a-minuto","category-zona-blanca","tag-horacio-sosa-villavicencio"],"jetpack_featured_media_url":"https:\/\/zonaroja.com.mx\/wp-content\/uploads\/2020\/08\/Llama-el-diputado-Horacio-Sosa-a-sumar-esfuerzospara-erradicar-la-obesidad-y-diabetes-en-nin\u0303as-y-nin\u0303os..jpeg","jetpack_sharing_enabled":true,"_links":{"self":[{"href":"https:\/\/zonaroja.com.mx\/index.php?rest_route=\/wp\/v2\/posts\/16395","targetHints":{"allow":["GET"]}}],"collection":[{"href":"https:\/\/zonaroja.com.mx\/index.php?rest_route=\/wp\/v2\/posts"}],"about":[{"href":"https:\/\/zonaroja.com.mx\/index.php?rest_route=\/wp\/v2\/types\/post"}],"author":[{"embeddable":true,"href":"https:\/\/zonaroja.com.mx\/index.php?rest_route=\/wp\/v2\/users\/2"}],"replies":[{"embeddable":true,"href":"https:\/\/zonaroja.com.mx\/index.php?rest_route=%2Fwp%2Fv2%2Fcomments&post=16395"}],"version-history":[{"count":1,"href":"https:\/\/zonaroja.com.mx\/index.php?rest_route=\/wp\/v2\/posts\/16395\/revisions"}],"predecessor-version":[{"id":16397,"href":"https:\/\/zonaroja.com.mx\/index.php?rest_route=\/wp\/v2\/posts\/16395\/revisions\/16397"}],"wp:featuredmedia":[{"embeddable":true,"href":"https:\/\/zonaroja.com.mx\/index.php?rest_route=\/wp\/v2\/media\/16396"}],"wp:attachment":[{"href":"https:\/\/zonaroja.com.mx\/index.php?rest_route=%2Fwp%2Fv2%2Fmedia&parent=16395"}],"wp:term":[{"taxonomy":"category","embeddable":true,"href":"https:\/\/zonaroja.com.mx\/index.php?rest_route=%2Fwp%2Fv2%2Fcategories&post=16395"},{"taxonomy":"post_tag","embeddable":true,"href":"https:\/\/zonaroja.com.mx\/index.php?rest_route=%2Fwp%2Fv2%2Ftags&post=16395"}],"curies":[{"name":"wp","href":"https:\/\/api.w.org\/{rel}","templated":true}]}}