{"id":16398,"date":"2020-08-17T15:56:09","date_gmt":"2020-08-17T20:56:09","guid":{"rendered":"http:\/\/www.zonaroja.com.mx\/?p=16398"},"modified":"2020-08-17T15:56:12","modified_gmt":"2020-08-17T20:56:12","slug":"confirma-la-conagua-fallas-en-procedimientos-administrativos-de-la-cea","status":"publish","type":"post","link":"https:\/\/zonaroja.com.mx\/?p=16398","title":{"rendered":"Confirma la Conagua fallas en procedimientos administrativos de la CEA"},"content":{"rendered":"\n<p>Evlin\nArag\u00f3n\/Zona Roja.<\/p>\n\n\n\n<p>Oaxaca de\nJu\u00e1rez, Oax., 17 de agosto de 2020.- La Comisi\u00f3n Nacional del Agua (Conagua),\nOrganismo de Cuenca Pacifico Sur, a cargo de Julio L\u00f3pez Hern\u00e1ndez, confirm\u00f3\nlas deficiencias administrativas en la Comisi\u00f3n Estatal del Agua que encabeza\nH\u00e9ctor Pablo Ram\u00edrez Puga Leyva, al solicitar la r\u00fabrica y firma de los anexos\nde ejecuci\u00f3n y las c\u00e9dulas de traspaso de obra p\u00fablica adscrita al Programa de\nAgua Potable, Drenaje y Tratamiento 2020, a un d\u00eda de su vencimiento. <\/p>\n\n\n\n<p>As\u00ed lo detalla\nun oficio fechado y recibido por la instancia estatal el 13 de agosto, en donde\nla Conagua refiere las c\u00e9dulas de traspaso del 2o Modificatorio de los\napartados APARURAL, APAUR, y APTAR, que fueron revisados y autorizados por la Federaci\u00f3n\nante las deficiencias a nivel local.&nbsp; <\/p>\n\n\n\n<p>Lo anterior,\npara estar en posibilidades de remitirlos a la brevedad a la Gerencia de\nProgramas Federales de Agua Potable y Saneamiento y con ello dar cumplimiento a\nla circular que se\u00f1ala que la fecha l\u00edmite para el tr\u00e1mite de Anexos\nModificatorio el 14 de agosto, evitando as\u00ed la p\u00e9rdida de recursos federales\npara el estado de Oaxaca.&nbsp; <\/p>\n\n\n\n<p>\u201cLa fecha l\u00edmite para el tr\u00e1mite de Anexos Modificatorio el 14 de agosto del a\u00f1o en curso, evit\u00e1ndose as\u00ed la perdida de recurso federales para el estado de Oaxaca, por no formalizar los Anexos Modificatorio dentro del plazo indicado, ya que se impedir\u00eda la incorporaci\u00f3n de nuevas acciones validadas, en sustituci\u00f3n de aquellas que no fueron contratadas al 31 de julio de 2020\u201d, refiere el documento.\u00a0 <\/p>\n\n\n\n<figure class=\"wp-block-image\"><img decoding=\"async\" width=\"796\" height=\"1024\" src=\"http:\/\/www.zonaroja.com.mx\/wp-content\/uploads\/2020\/08\/Oficio-CEA-796x1024.jpg\" alt=\"\" class=\"wp-image-16400\" srcset=\"https:\/\/zonaroja.com.mx\/wp-content\/uploads\/2020\/08\/Oficio-CEA-796x1024.jpg 796w, https:\/\/zonaroja.com.mx\/wp-content\/uploads\/2020\/08\/Oficio-CEA-233x300.jpg 233w, https:\/\/zonaroja.com.mx\/wp-content\/uploads\/2020\/08\/Oficio-CEA-768x988.jpg 768w, https:\/\/zonaroja.com.mx\/wp-content\/uploads\/2020\/08\/Oficio-CEA-585x752.jpg 585w, https:\/\/zonaroja.com.mx\/wp-content\/uploads\/2020\/08\/Oficio-CEA.jpg 864w\" sizes=\"(max-width: 796px) 100vw, 796px\" \/><\/figure>\n\n\n\n<p>Lo anterior\nvalida lo expuesto por el diputado local del Partido del Trabajo, C\u00e9sar Morales\nNi\u00f1o, quien apenas el mi\u00e9rcoles pasado denunci\u00f3 que la dependencia a cargo de\nH\u00e9ctor Pablo Ram\u00edrez Puga ha ca\u00eddo en actos de corrupci\u00f3n por omisi\u00f3n y falta\nde responsabilidad en el ejercicio p\u00fablico, situaci\u00f3n inadmisible en una\nentidad con tantas necesidades como lo es Oaxaca.&nbsp;&nbsp; <\/p>\n\n\n\n<p>Morales Ni\u00f1o\nexplic\u00f3 que la falta de oficio ha llevado al Gobierno del Estado a regresar a\nla Federaci\u00f3n montos millonarios por falta de capacidad para su aplicaci\u00f3n,\ncomo muestra la CEA perdi\u00f3 m\u00e1s 30 millones de pesos del presupuesto que le\nasign\u00f3 la Comisi\u00f3n Nacional del Agua.&nbsp; <\/p>\n\n\n\n<p>El\n\u201cdescuido\u201d de la dependencia estatal podr\u00eda deberse a la confianza que le\ngener\u00f3 la asignaci\u00f3n de 281 mill\u00f3n de pesos como parte del financiamiento\naprobado por el Congreso del Estado, con lo cual habr\u00eda pasado por alto la\ndisposici\u00f3n del recurso federal, de acuerdo con el legislador que expuso el\ntema en asuntos generales.&nbsp; <\/p>\n\n\n\n<p>Pese a lo\nanterior y de acuerdo con lo expuesto por el propio legislador, la Federaci\u00f3n\nevit\u00f3 que se regresar\u00e1n los 30 millones y los asign\u00f3 al recurso etiquetado a 16\nmunicipios oaxaque\u00f1os marginados.<\/p>\n","protected":false},"excerpt":{"rendered":"<p>Evlin Arag\u00f3n\/Zona Roja. Oaxaca de Ju\u00e1rez, Oax., 17 de agosto de 2020.- La Comisi\u00f3n Nacional&hellip;<\/p>\n","protected":false},"author":2,"featured_media":16399,"comment_status":"closed","ping_status":"open","sticky":false,"template":"","format":"standard","meta":{"_lmt_disableupdate":"","_lmt_disable":"","_jetpack_memberships_contains_paid_content":false,"footnotes":""},"categories":[109,47],"tags":[1929,1425],"class_list":["post-16398","post","type-post","status-publish","format-standard","has-post-thumbnail","hentry","category-minuto-a-minuto","category-zona-gris","tag-comision-estatal-del-agua-cea","tag-liconsa-hector-pablo-ramirez-puga"],"jetpack_featured_media_url":"https:\/\/zonaroja.com.mx\/wp-content\/uploads\/2020\/08\/H\u00e9ctor-Pablo-Ram\u00edrez-Puga-Leyva.jpeg","jetpack_sharing_enabled":true,"_links":{"self":[{"href":"https:\/\/zonaroja.com.mx\/index.php?rest_route=\/wp\/v2\/posts\/16398","targetHints":{"allow":["GET"]}}],"collection":[{"href":"https:\/\/zonaroja.com.mx\/index.php?rest_route=\/wp\/v2\/posts"}],"about":[{"href":"https:\/\/zonaroja.com.mx\/index.php?rest_route=\/wp\/v2\/types\/post"}],"author":[{"embeddable":true,"href":"https:\/\/zonaroja.com.mx\/index.php?rest_route=\/wp\/v2\/users\/2"}],"replies":[{"embeddable":true,"href":"https:\/\/zonaroja.com.mx\/index.php?rest_route=%2Fwp%2Fv2%2Fcomments&post=16398"}],"version-history":[{"count":1,"href":"https:\/\/zonaroja.com.mx\/index.php?rest_route=\/wp\/v2\/posts\/16398\/revisions"}],"predecessor-version":[{"id":16401,"href":"https:\/\/zonaroja.com.mx\/index.php?rest_route=\/wp\/v2\/posts\/16398\/revisions\/16401"}],"wp:featuredmedia":[{"embeddable":true,"href":"https:\/\/zonaroja.com.mx\/index.php?rest_route=\/wp\/v2\/media\/16399"}],"wp:attachment":[{"href":"https:\/\/zonaroja.com.mx\/index.php?rest_route=%2Fwp%2Fv2%2Fmedia&parent=16398"}],"wp:term":[{"taxonomy":"category","embeddable":true,"href":"https:\/\/zonaroja.com.mx\/index.php?rest_route=%2Fwp%2Fv2%2Fcategories&post=16398"},{"taxonomy":"post_tag","embeddable":true,"href":"https:\/\/zonaroja.com.mx\/index.php?rest_route=%2Fwp%2Fv2%2Ftags&post=16398"}],"curies":[{"name":"wp","href":"https:\/\/api.w.org\/{rel}","templated":true}]}}