{"id":1640,"date":"2019-06-15T20:10:29","date_gmt":"2019-06-16T01:10:29","guid":{"rendered":"http:\/\/www.zonaroja.com.mx\/?p=1640"},"modified":"2019-06-15T20:10:31","modified_gmt":"2019-06-16T01:10:31","slug":"regresan-ejecuciones-a-la-cuenca-del-papaloapan-de-oaxaca","status":"publish","type":"post","link":"https:\/\/zonaroja.com.mx\/?p=1640","title":{"rendered":"Regresan ejecuciones a la Cuenca del Papaloapan de Oaxaca"},"content":{"rendered":"\n<p>Redacci\u00f3n <\/p>\n\n\n\n<p>Oaxaca de\nJu\u00e1rez, Oax., 15 de junio de 2019.- Un individuo fue ejecutado a balazos la\ntarde de este s\u00e1bado en San Juan Bautista Tuxtepec, municipio de la regi\u00f3n\nCuenca de Oaxaca. <\/p>\n\n\n\n<p>Los hechos\nsucedieron aproximadamente a las 17:50 horas, en la calle Palma Cocotera de la\ncolonia Siglo XXI, cerca del edificio que alberga oficinas de administraci\u00f3n y\nprocuraci\u00f3n de justicia. <\/p>\n\n\n\n<p>La v\u00edctima\nfue identificada como Federico Juan F\u00e9lix, de 22 a\u00f1os de edad, de acuerdo con\nreportes preliminares de la Vicefiscal\u00eda Regional de la Cuenca. <\/p>\n\n\n\n<p>El joven se\nhallaba en una silla mecedora en el exterior de su domicilio. cuando dos\nindividuos arribaron a bordo de una motocicleta y le dispararon a quemarropa,\ntras lo cual se dieron a la fuga con rumbo a la colonia Loma Alta. <\/p>\n\n\n\n<p>El cuerpo\nfue reconocido por Ismael Rodr\u00edguez, cu\u00f1ado del occiso.<\/p>\n\n\n\n<p>OTRO\nASESINATO<\/p>\n\n\n\n<p>Por otra\nparte, fuentes de la Fiscal\u00eda General del Estado confirmaron el levantamiento\nde un cad\u00e1ver en Putla Villa de Guerrero. <\/p>\n\n\n\n<p>Se trata de\nuna persona del sexo masculino que fue hallada en bolsas de pl\u00e1stico y presenta\ndisparos de arma de fuego en el cuerpo. <\/p>\n\n\n\n<p>Se inform\u00f3\nque el crimen ocurri\u00f3 ayer viernes y la v\u00edctima a\u00fan no ha sido identificada\nformalmente; trascendi\u00f3 que se trata de Tom\u00e1s Ram\u00edrez Aparicio, quien fue\nreportado como desaparecido desde el primer d\u00eda de este mes.<\/p>\n","protected":false},"excerpt":{"rendered":"<p>Redacci\u00f3n Oaxaca de Ju\u00e1rez, Oax., 15 de junio de 2019.- Un individuo fue ejecutado a&hellip;<\/p>\n","protected":false},"author":2,"featured_media":1641,"comment_status":"closed","ping_status":"open","sticky":false,"template":"","format":"standard","meta":{"_lmt_disableupdate":"","_lmt_disable":"","_jetpack_memberships_contains_paid_content":false,"footnotes":""},"categories":[109,51],"tags":[98,117,58,118],"class_list":["post-1640","post","type-post","status-publish","format-standard","has-post-thumbnail","hentry","category-minuto-a-minuto","category-zona-roja","tag-cuenca-del-papaloapan","tag-ejecutado","tag-oaxaca","tag-san-juan-bautista-tuxtepec"],"jetpack_featured_media_url":"https:\/\/zonaroja.com.mx\/wp-content\/uploads\/2019\/06\/1258c53d-1db9-4751-9d92-088d9ebf3d6f.jpg","jetpack_sharing_enabled":true,"_links":{"self":[{"href":"https:\/\/zonaroja.com.mx\/index.php?rest_route=\/wp\/v2\/posts\/1640","targetHints":{"allow":["GET"]}}],"collection":[{"href":"https:\/\/zonaroja.com.mx\/index.php?rest_route=\/wp\/v2\/posts"}],"about":[{"href":"https:\/\/zonaroja.com.mx\/index.php?rest_route=\/wp\/v2\/types\/post"}],"author":[{"embeddable":true,"href":"https:\/\/zonaroja.com.mx\/index.php?rest_route=\/wp\/v2\/users\/2"}],"replies":[{"embeddable":true,"href":"https:\/\/zonaroja.com.mx\/index.php?rest_route=%2Fwp%2Fv2%2Fcomments&post=1640"}],"version-history":[{"count":1,"href":"https:\/\/zonaroja.com.mx\/index.php?rest_route=\/wp\/v2\/posts\/1640\/revisions"}],"predecessor-version":[{"id":1642,"href":"https:\/\/zonaroja.com.mx\/index.php?rest_route=\/wp\/v2\/posts\/1640\/revisions\/1642"}],"wp:featuredmedia":[{"embeddable":true,"href":"https:\/\/zonaroja.com.mx\/index.php?rest_route=\/wp\/v2\/media\/1641"}],"wp:attachment":[{"href":"https:\/\/zonaroja.com.mx\/index.php?rest_route=%2Fwp%2Fv2%2Fmedia&parent=1640"}],"wp:term":[{"taxonomy":"category","embeddable":true,"href":"https:\/\/zonaroja.com.mx\/index.php?rest_route=%2Fwp%2Fv2%2Fcategories&post=1640"},{"taxonomy":"post_tag","embeddable":true,"href":"https:\/\/zonaroja.com.mx\/index.php?rest_route=%2Fwp%2Fv2%2Ftags&post=1640"}],"curies":[{"name":"wp","href":"https:\/\/api.w.org\/{rel}","templated":true}]}}