{"id":16410,"date":"2020-08-18T08:00:19","date_gmt":"2020-08-18T13:00:19","guid":{"rendered":"http:\/\/www.zonaroja.com.mx\/?p=16410"},"modified":"2020-08-17T21:37:04","modified_gmt":"2020-08-18T02:37:04","slug":"presenta-informe-titular-del-poder-judicial-humanizar-la-justicia-el-reto","status":"publish","type":"post","link":"https:\/\/zonaroja.com.mx\/?p=16410","title":{"rendered":"Presenta informe titular del Poder Judicial; humanizar la justicia, el reto"},"content":{"rendered":"\n<p>Redacci\u00f3n\/Zona\nRoja.<\/p>\n\n\n\n<p>Oaxaca de\nJu\u00e1rez, Oax., 18 de agosto de 2020.- El titular del Poder Judicial de Oaxaca, magistrado\nEduardo Pinacho S\u00e1nchez, present\u00f3 un \u201cInforme de Acciones y Resultados, del\nPrimer Periodo 2020\u201d, que comprende de enero a julio, muestra de su compromiso\nde informar oportunamente los alcances obtenidos en los primero meses de su\ngesti\u00f3n con el apoyo y colaboraci\u00f3n de las y los integrantes del Tribunal\nSuperior de Justicia y del Consejo de la Judicatura.<\/p>\n\n\n\n<p>A trav\u00e9s de\nun video, se\u00f1al\u00f3 que su administraci\u00f3n es el resultado de un proceso\ndemocr\u00e1tico, y en un actuar congruente con la alta responsabilidad de conducir\na la instituci\u00f3n durante los pr\u00f3ximos cuatro a\u00f1os, estableci\u00f3 un plan de\ntrabajo con los objetivos espec\u00edficos de humanizar, dignificar y fortalecer la\nimpartici\u00f3n de justicia, eficientar el quehacer judicial; juzgar con\nperspectiva de g\u00e9nero; consolidar la confianza social, la transparencia y cero\ntolerancia a la corrupci\u00f3n.<\/p>\n\n\n\n<p>De esta\nmanera, con trabajo a distancia, protocolos de acceso a las sedes judiciales en\nlos casos que as\u00ed se requieran y el desarrollo de m\u00faltiples servicios\ntecnol\u00f3gicos que permiten dar seguimiento a la actividad jurisdiccional, se han\ncontinuado funciones.<\/p>\n\n\n\n<p>El titular\ndel Poder Judicial del Estado, a trav\u00e9s de siete ejes transversales que son:\nHumanizaci\u00f3n de la justicia, eficiencia y capacitaci\u00f3n de las y los servidores\njudiciales, dignificaci\u00f3n de espacios, transparencia y tribunal abierto,\nderechos humanos, pluralismo jur\u00eddico y protecci\u00f3n a grupos vulnerados,\nperspectiva de g\u00e9nero y acciones ante la pandemia del Covid-19, detall\u00f3 los\nlogros alcanzados.<\/p>\n\n\n\n<p>En el eje\nHumanizaci\u00f3n de la Justicia, con el fin de privilegiar el di\u00e1logo para\ntransformar el servicio p\u00fablico se destac\u00f3 la realizaci\u00f3n 389 audiencias con\nbarras y colegios de abogados y abogadas, organizaciones civiles y sociales,\nrepresentantes del sector acad\u00e9mico, gubernamental, organismos y agrupaciones\ninternacionales; asimismo, se llev\u00f3 a cabo la Primera Reuni\u00f3n General con\nJuezas y Jueces y la firma de diferentes convenios de colaboraci\u00f3n.<\/p>\n\n\n\n<p>En\neficiencia y capacitaci\u00f3n de las y los servidores judiciales, la Escuela\nJudicial desarroll\u00f3 los Estudios de Especialidad en diversas materias y se\ncelebraron reuniones de trabajo con las Comisiones en materia de Justicia\nLaboral, G\u00e9nero, Pluralismo Jur\u00eddico y Sistema Acusatorio; en tanto que el\nCentro de Justicia Alternativa del Poder Judicial del Estado, apertur\u00f3 613\nclaves y 175 expedientes, lo cual da un total de 788 asuntos atendidos, en\nbeneficio de tres mil 283 personas.<\/p>\n\n\n\n<p>CONCLUIDAS\n50 OBRAS <\/p>\n\n\n\n<p>En la\ndignificaci\u00f3n de espacios judiciales se concluyeron aproximadamente 50 obras,\nentre las que destacan las realizadas en el edificio de los Juzgados Civiles y\nFamiliares del Distrito Judicial del Centro, donde se instal\u00f3 una moderna red\nde voz y datos que ser\u00e1 de apoyo para fortalecer el programa de digitalizaci\u00f3n\nde documentos en materia civil y familiar, al ser la creaci\u00f3n del Tribunal\nVirtual uno de los principales proyectos de esta administraci\u00f3n.<\/p>\n\n\n\n<p>Como parte de este objetivo, se implement\u00f3 un servicio de registro que permite, entre otras funciones, llevar a cabo notificaciones electr\u00f3nicas, as\u00ed como el pre registro de demandas y promociones, que se proporciona a trav\u00e9s del portal oficial www.tribunaloaxaca.gob.mx<\/p>\n\n\n\n<figure class=\"wp-block-embed-twitter wp-block-embed is-type-rich is-provider-twitter\"><div class=\"wp-block-embed__wrapper\">\n<div class=\"twitter-tweet\"><blockquote class=\"twitter-tweet\" data-lang=\"es\"><p lang=\"es\" dir=\"ltr\"><a href=\"https:\/\/twitter.com\/hashtag\/JusticiaHumanaYEficiente?src=hash&amp;ref_src=twsrc%5Etfw\">#JusticiaHumanaYEficiente<\/a><br>El titular del Poder Judicial de <a href=\"https:\/\/twitter.com\/hashtag\/Oaxaca?src=hash&amp;ref_src=twsrc%5Etfw\">#Oaxaca<\/a>, magistrado Eduardo Pinacho S\u00e1nchez, rindi\u00f3 hoy en forma virtual su informe de actividades del primer semestre del a\u00f1o.  <br>Consulte el video completo:<a href=\"https:\/\/twitter.com\/tsjoaxaca?ref_src=twsrc%5Etfw\">@tsjoaxaca<\/a> <br>\ud83d\udc47<a href=\"https:\/\/t.co\/LA4TqJznAg\">https:\/\/t.co\/LA4TqJznAg<\/a> <a href=\"https:\/\/t.co\/rhkqOVwnUj\">pic.twitter.com\/rhkqOVwnUj<\/a><\/p>&mdash; Zona Roja Oaxaca (@MexRoja) <a href=\"https:\/\/twitter.com\/MexRoja\/status\/1295514754484539392?ref_src=twsrc%5Etfw\">18 de agosto de 2020<\/a><\/blockquote><\/div>\n<\/div><\/figure>\n\n\n\n<p>DERECHOS\nHUMANOS<\/p>\n\n\n\n<p>En el eje\nDerechos Humanos, se llev\u00f3 a cabo la conferencia magistral \u201cRacismo Judicial\u201d,\ndictada por la Doctora en Sociolog\u00eda del Instituto Tecnol\u00f3gico Aut\u00f3nomo de\nM\u00e9xico (ITAM), Tatiana Andrea Alfonso Sierra. Se presentaron informes a\ninstancias institucionales, entre ellas, la Comisi\u00f3n Nacional de Tribunales\nSuperiores de Justicia de los Estados Unidos Mexicanos y el Comit\u00e9 de la\nConvenci\u00f3n sobre la Eliminaci\u00f3n de toda forma de Discriminaci\u00f3n contra la\nMujer.<\/p>\n\n\n\n<p>Tambi\u00e9n se\ndio seguimiento a la Declaratoria de Alerta de Violencia de G\u00e9nero contra las\nMujeres, respuesta a la solicitud de la Secretar\u00eda de las Mujeres de Oaxaca y\nse elabor\u00f3 y edit\u00f3 el Bolet\u00edn Electr\u00f3nico \u201cDerechos Humanos, G\u00e9nero y\nJusticia\u201d.<\/p>\n\n\n\n<p>Otros logros\ny acciones fueron la atenci\u00f3n a 155 solicitudes de informaci\u00f3n; el proyecto de\nconvenio con el Monte de Piedad del Estado, para la venta directa de bienes y\nla supervisi\u00f3n -por vez primera- por parte de la Visitadur\u00eda General, de los\nTribunales de Enjuiciamiento; la elaboraci\u00f3n de mil 494 certificados de\ndep\u00f3sito en materia penal, civil y familiar por la Direcci\u00f3n del Fondo para la\nAdministraci\u00f3n de Justicia.<\/p>\n\n\n\n<p>PERSPECTIVA\nDE G\u00c9NERO<\/p>\n\n\n\n<p>La incorporaci\u00f3n\nde la perspectiva de g\u00e9nero en la labor jurisdiccional es parte de la\nmodernizaci\u00f3n. Ante ello, se cre\u00f3 la Unidad de Igualdad de G\u00e9nero, \u00f3rgano que\ncoadyuva en las acciones a favor de las mujeres y ni\u00f1as; se edit\u00f3 y public\u00f3\nelectr\u00f3nicamente el primer n\u00famero de la Colecci\u00f3n \u201cDerechos Humanos y G\u00e9nero\u201d\ncon el t\u00edtulo \u201cMujeres y Poderes Judiciales\u201d.<\/p>\n\n\n\n<p>Para dar\nseguimiento al registro de medidas y \u00f3rdenes de protecci\u00f3n a favor de mujeres y\nni\u00f1as v\u00edctimas de violencia, se estableci\u00f3 enlace institucional con el Centro\nde Reeducaci\u00f3n para Hombres que Ejercen Violencia contra las Mujeres.<\/p>\n\n\n\n<p>ACCIONES\nANTE LA PANDEMIA <\/p>\n\n\n\n<p>Del 20 de\nmarzo al 29 de mayo, los Plenos del Poder Judicial del Estado, aprobaron seis\nacuerdos para establecer lineamientos de protecci\u00f3n y actuaci\u00f3n en los \u00f3rganos\njurisdiccionales internos, externos y administrativos, dando prioridad a los\nasuntos de car\u00e1cter urgente. En conjunto con juezas y jueces, se dise\u00f1\u00f3 un\nesquema de trabajo que permiti\u00f3 realizar 505 audiencias urgentes, presenciales\ny virtuales.<\/p>\n\n\n\n<p>En\nsolidaridad con el sector Salud se donaron insumos m\u00e9dicos y material\nquir\u00fargico a cuatro hospitales destinados a la atenci\u00f3n de la pandemia, y se\nadquirieron insumos de higiene y protecci\u00f3n para diferentes \u00e1reas de esta\nInstituci\u00f3n.<\/p>\n\n\n\n<p>Asimismo se\nrealizaron campa\u00f1as de difusi\u00f3n, los foros virtuales \u201cHumanizando la Justicia\u201d\ny \u201cQu\u00e9date en Casa-La Entrevista\u201d para abordar temas en diversas materias y su\natenci\u00f3n en esta fase de emergencia. En coordinaci\u00f3n con otras instancias de\ngobierno, se dispuso la preliberaci\u00f3n de personas privadas de su libertad,\npr\u00f3ximas a finiquitar su pena en diferentes reclusorios de la entidad.<\/p>\n\n\n\n<p>El video del\ninforme completo y su edici\u00f3n impresa se encuentra disponible en la p\u00e1gina web\noficial y redes sociales del Tribunal Superior de Justicia del Estado, o en la\nliga: <a href=\"https:\/\/bit.ly\/2Y8HZEI\">https:\/\/bit.ly\/2Y8HZEI<\/a><\/p>\n","protected":false},"excerpt":{"rendered":"<p>Redacci\u00f3n\/Zona Roja. Oaxaca de Ju\u00e1rez, Oax., 18 de agosto de 2020.- El titular del Poder&hellip;<\/p>\n","protected":false},"author":2,"featured_media":16411,"comment_status":"closed","ping_status":"open","sticky":false,"template":"","format":"standard","meta":{"_lmt_disableupdate":"","_lmt_disable":"","_jetpack_memberships_contains_paid_content":false,"footnotes":""},"categories":[109,46],"tags":[223],"class_list":["post-16410","post","type-post","status-publish","format-standard","has-post-thumbnail","hentry","category-minuto-a-minuto","category-zona-blanca","tag-poder-judicial-de-oaxaca"],"jetpack_featured_media_url":"https:\/\/zonaroja.com.mx\/wp-content\/uploads\/2020\/08\/1-MAGISTRADO-PRESIDENTE-EDUARDO-PINACHO.jpg","jetpack_sharing_enabled":true,"_links":{"self":[{"href":"https:\/\/zonaroja.com.mx\/index.php?rest_route=\/wp\/v2\/posts\/16410","targetHints":{"allow":["GET"]}}],"collection":[{"href":"https:\/\/zonaroja.com.mx\/index.php?rest_route=\/wp\/v2\/posts"}],"about":[{"href":"https:\/\/zonaroja.com.mx\/index.php?rest_route=\/wp\/v2\/types\/post"}],"author":[{"embeddable":true,"href":"https:\/\/zonaroja.com.mx\/index.php?rest_route=\/wp\/v2\/users\/2"}],"replies":[{"embeddable":true,"href":"https:\/\/zonaroja.com.mx\/index.php?rest_route=%2Fwp%2Fv2%2Fcomments&post=16410"}],"version-history":[{"count":1,"href":"https:\/\/zonaroja.com.mx\/index.php?rest_route=\/wp\/v2\/posts\/16410\/revisions"}],"predecessor-version":[{"id":16412,"href":"https:\/\/zonaroja.com.mx\/index.php?rest_route=\/wp\/v2\/posts\/16410\/revisions\/16412"}],"wp:featuredmedia":[{"embeddable":true,"href":"https:\/\/zonaroja.com.mx\/index.php?rest_route=\/wp\/v2\/media\/16411"}],"wp:attachment":[{"href":"https:\/\/zonaroja.com.mx\/index.php?rest_route=%2Fwp%2Fv2%2Fmedia&parent=16410"}],"wp:term":[{"taxonomy":"category","embeddable":true,"href":"https:\/\/zonaroja.com.mx\/index.php?rest_route=%2Fwp%2Fv2%2Fcategories&post=16410"},{"taxonomy":"post_tag","embeddable":true,"href":"https:\/\/zonaroja.com.mx\/index.php?rest_route=%2Fwp%2Fv2%2Ftags&post=16410"}],"curies":[{"name":"wp","href":"https:\/\/api.w.org\/{rel}","templated":true}]}}