{"id":16419,"date":"2020-08-18T08:04:26","date_gmt":"2020-08-18T13:04:26","guid":{"rendered":"http:\/\/www.zonaroja.com.mx\/?p=16419"},"modified":"2020-08-18T08:04:30","modified_gmt":"2020-08-18T13:04:30","slug":"sociedad-civil-y-ue-presentan-proyecto-inclusion-digna-a-ninez-migrantes-en-mexico","status":"publish","type":"post","link":"https:\/\/zonaroja.com.mx\/?p=16419","title":{"rendered":"Sociedad Civil y UE presentan proyecto inclusi\u00f3n digna a ni\u00f1ez migrantes en M\u00e9xico"},"content":{"rendered":"\n<p>Redacci\u00f3n\/Zona\nRoja.<\/p>\n\n\n\n<p>Oaxaca de\nJu\u00e1rez, Oax., 18 de agosto de 2020.- Richi, hondure\u00f1o de 15 a\u00f1os de edad,\nparti\u00f3 solo hacia Estados Unidos en busca del \u201cSue\u00f1o Americano\u201d. <\/p>\n\n\n\n<p>Despu\u00e9s de\natravesar M\u00e9xico montado en el tren conocido como la \u201cbestia\u201d y escapar de la\npolic\u00eda migratoria al intentar cruzar el muro fronterizo en Estados Unidos, se\nencontr\u00f3 con el albergue de FM4, en el estado de Jalisco, donde le ayudaron a\ntramitar el permiso para ser reconocido como refugiado en M\u00e9xico.<\/p>\n\n\n\n<p>\u201cLlegu\u00e9 a\nFM4 donde pude hacer una nueva vida, sacar papeles y vivir tranquilamente\u201d<\/p>\n\n\n\n<p>A causa del\nfen\u00f3meno de las \u201ccaravanas\u201d en Am\u00e9rica Latina, el flujo de ni\u00f1os, ni\u00f1as y\nadolescentes migrantes, que como Ricardo pasan por M\u00e9xico en busca del sue\u00f1o\namericano, ha ido en aumento. <\/p>\n\n\n\n<p>En los\nprimeros meses de 2019, el albergue FM4 Paso libre recibi\u00f3 a 562 Ni\u00f1os, Ni\u00f1as y\nAdolescentes (NNA) migrantes, 95% m\u00e1s que el total atendido por ellos en 2018.<\/p>\n\n\n\n<p>Con el\nobjetivo de mejorar la situaci\u00f3n de ni\u00f1as, ni\u00f1os y adolescentes migrantes en M\u00e9xico,\nFondazione AVSI, en alianza con Dignidad y Justicia en el Camino A.C FM4 Paso\nLibre, AVSI M\u00e9xico A.C. y el apoyo financiero de la Uni\u00f3n Europea, han puesto\nen marcha el proyecto \u201cInclusi\u00f3n Digna, Iniciativa de protecci\u00f3n y fomento de\nlos derechos de ni\u00f1as, ni\u00f1os y adolescentes por medio del apoyo a albergues\nmigrantes en Oaxaca y Jalisco e incidencia en pol\u00edticas p\u00fablicas en alianza con\nactores nacionales e internacionales\u201d, en los estados de Jalisco y Oaxaca.<\/p>\n\n\n\n<p>El proyecto\nfue presentado de forma oficial este lunes 17 de agosto, a trav\u00e9s de un\nencuentro virtual que cont\u00f3 con la participaci\u00f3n de Natalia Barreto Silva,\nasesora de cooperaci\u00f3n de la Uni\u00f3n Europea en M\u00e9xico; Rossana Stanchi,\nrepresentante pa\u00eds de AVSI M\u00e9xico, Luis Enrique Gonz\u00e1lez Araiza, director FM4\nPaso libre, el Padre Alberto Ru\u00edz P\u00e9rez, director del Albergue el Refugio y\nSilvya Guerrero Muriel, coordinadora del proyecto.<\/p>\n\n\n\n<p>Con un\npresupuesto de 1,083,342 euros, 74% aportado por la Uni\u00f3n Europea, 17 % por\nparte de Fondazione AVSI y 9 % de FM4 Paso Libre; se beneficiar\u00e1 durante tres\na\u00f1os a m\u00e1s de 500 ni\u00f1os, ni\u00f1as y adolescentes migrantes, 4 Albergues, 120\ndefensores de derechos humanos y 16 escuelas p\u00fablicas y privadas en ambos\nestados.<\/p>\n\n\n\n<p>Entre las\nprincipales actividades est\u00e1n el dise\u00f1o, la implementaci\u00f3n y la difusi\u00f3n de un\nModelo de Cuidado Alternativo para NNA migrantes el cual busca analizar las\ncircunstancias de estancia de los NNA, el fortalecimiento de las capacidades de\n4 albergues, o casas de migrantes y de los defensores de los derechos humanos\nde los migrantes.<\/p>\n\n\n\n<p>Adem\u00e1s, se\nacompa\u00f1ar\u00e1 a los Albergues frente a la actual contingencia sanitaria causada\npor la COVID-19, a trav\u00e9s de la implementaci\u00f3n de varias actividades que\nincluyen la donaci\u00f3n de despensas durante tres meses para las familias de\nmigrantes refugiados, la distribuci\u00f3n de productos de limpieza a albergues con\nqui\u00e9nes se revisar\u00e1n los protocolos de contingencia y se dise\u00f1ar\u00e1 de forma\nconjunta un Plan de Continuidad post contingencia.<\/p>\n\n\n\n<p>\u201cUn\ncomponente importante de la acci\u00f3n\u201d comenta Rossana Stanchi, representante pa\u00eds\nAVSI M\u00e9xico \u201ces la sensibilizaci\u00f3n de las escuelas, la sociedad civil, la\nopini\u00f3n publica y las comunidades de acogida sobre la situaci\u00f3n de los NNA\nmigrantes y su valor en el desarrollo de las comunidades de tr\u00e1nsito y\ndestino\u201d.<\/p>\n\n\n\n<p>El Proyecto\nbuscar\u00e1 generar una fuerte vinculaci\u00f3n de actores p\u00fablicos y privados, a nivel\nnacional e internacional, un factor clave para la promoci\u00f3n de modelos y\/o\nprotocolos enfocados a DDHH de NNA migrantes en M\u00e9xico, y permitir\u00e1 ofrecer a\nlos ni\u00f1os, ni\u00f1as y adolescentes una estancia digna, en la que se puedan sentir\nun poco m\u00e1s cercanos a su hogar, e incluidos de manera real y humana, velando\npor el cumplimiento de sus derechos humanos.<\/p>\n\n\n\n<p>(Comunicado\nde prensa)<\/p>\n","protected":false},"excerpt":{"rendered":"<p>Redacci\u00f3n\/Zona Roja. Oaxaca de Ju\u00e1rez, Oax., 18 de agosto de 2020.- Richi, hondure\u00f1o de 15&hellip;<\/p>\n","protected":false},"author":2,"featured_media":16420,"comment_status":"closed","ping_status":"open","sticky":false,"template":"","format":"standard","meta":{"_lmt_disableupdate":"","_lmt_disable":"","_jetpack_memberships_contains_paid_content":false,"footnotes":""},"categories":[109,46],"tags":[],"class_list":["post-16419","post","type-post","status-publish","format-standard","has-post-thumbnail","hentry","category-minuto-a-minuto","category-zona-blanca"],"jetpack_featured_media_url":"https:\/\/zonaroja.com.mx\/wp-content\/uploads\/2020\/08\/Inclusi\u00f3n-Digna.jpg","jetpack_sharing_enabled":true,"_links":{"self":[{"href":"https:\/\/zonaroja.com.mx\/index.php?rest_route=\/wp\/v2\/posts\/16419","targetHints":{"allow":["GET"]}}],"collection":[{"href":"https:\/\/zonaroja.com.mx\/index.php?rest_route=\/wp\/v2\/posts"}],"about":[{"href":"https:\/\/zonaroja.com.mx\/index.php?rest_route=\/wp\/v2\/types\/post"}],"author":[{"embeddable":true,"href":"https:\/\/zonaroja.com.mx\/index.php?rest_route=\/wp\/v2\/users\/2"}],"replies":[{"embeddable":true,"href":"https:\/\/zonaroja.com.mx\/index.php?rest_route=%2Fwp%2Fv2%2Fcomments&post=16419"}],"version-history":[{"count":1,"href":"https:\/\/zonaroja.com.mx\/index.php?rest_route=\/wp\/v2\/posts\/16419\/revisions"}],"predecessor-version":[{"id":16421,"href":"https:\/\/zonaroja.com.mx\/index.php?rest_route=\/wp\/v2\/posts\/16419\/revisions\/16421"}],"wp:featuredmedia":[{"embeddable":true,"href":"https:\/\/zonaroja.com.mx\/index.php?rest_route=\/wp\/v2\/media\/16420"}],"wp:attachment":[{"href":"https:\/\/zonaroja.com.mx\/index.php?rest_route=%2Fwp%2Fv2%2Fmedia&parent=16419"}],"wp:term":[{"taxonomy":"category","embeddable":true,"href":"https:\/\/zonaroja.com.mx\/index.php?rest_route=%2Fwp%2Fv2%2Fcategories&post=16419"},{"taxonomy":"post_tag","embeddable":true,"href":"https:\/\/zonaroja.com.mx\/index.php?rest_route=%2Fwp%2Fv2%2Ftags&post=16419"}],"curies":[{"name":"wp","href":"https:\/\/api.w.org\/{rel}","templated":true}]}}