{"id":16423,"date":"2020-08-18T11:48:57","date_gmt":"2020-08-18T16:48:57","guid":{"rendered":"https:\/\/www.zonaroja.com.mx\/?p=16423"},"modified":"2020-08-18T15:16:59","modified_gmt":"2020-08-18T20:16:59","slug":"normalistas-marchan-en-rechazo-a-resultados-de-examen-de-admision","status":"publish","type":"post","link":"https:\/\/zonaroja.com.mx\/?p=16423","title":{"rendered":"Rechazan normalistas resultados de examen de admisi\u00f3n; acusan irregularidades"},"content":{"rendered":"\n<p class=\"MsoNormal\">Yuridiana Sosa\/Zona Roja. <\/p>\n\n\n\n<p class=\"MsoNormal\">Oaxaca de Ju\u00e1rez, Oax., 18 de agosto de 2020.- Integrantes de la Coordinadora Estudiantil Normalista del Estado de Oaxaca (CENEO) marcharon <a href=\"\/\/1\">este martes<\/a> en rechazo a los resultados de la evaluaci\u00f3n para los alumnos de nuevo ingreso realiza en l\u00ednea el pasado s\u00e1bado.<\/p>\n\n\n\n<p class=\"MsoNormal\">Para la movilizaci\u00f3n, los normalistas convocaron a estudiantes de nuevo ingreso de las 11 normales de Oaxaca para manifestarse en conjunto contra el m\u00e9todo elegido por el Instituto Estatal de Educaci\u00f3n P\u00fablica (IEEPO) para realizar la selecci\u00f3n de los alumnos, en medio de la contingencia por Covid-19.<\/p>\n\n\n\n<p class=\"MsoNormal\">Los normalistas se\u00f1alaron que el examen en l\u00ednea es un acto de discriminaci\u00f3n para los j\u00f3venes de las comunidades ind\u00edgenas donde no hay alcance de internet. Adem\u00e1s, hubo m\u00faltiples irregularidades en la aplicaci\u00f3n. <\/p>\n\n\n\n<figure class=\"wp-block-embed-twitter wp-block-embed is-type-rich is-provider-twitter\"><div class=\"wp-block-embed__wrapper\">\n<div class=\"twitter-tweet\"><blockquote class=\"twitter-tweet\" data-lang=\"es\"><p lang=\"es\" dir=\"ltr\"><a href=\"https:\/\/twitter.com\/hashtag\/ENVIVO?src=hash&amp;ref_src=twsrc%5Etfw\">#ENVIVO<\/a><br>Santa Luc\u00eda del Camino, Oax., 18 de agosto de 2020.- Estudiantes normalistas inconformes resultados de ex\u00e1menes de admisi\u00f3n marchan del oriente al centro de la ciudad de Oaxaca.<br><br>Aqu\u00ed la transmisi\u00f3n \ud83d\udc47<a href=\"https:\/\/t.co\/HJDPp6ZRH4\">https:\/\/t.co\/HJDPp6ZRH4<\/a> <a href=\"https:\/\/t.co\/glWXJBowVl\">pic.twitter.com\/glWXJBowVl<\/a><\/p>&mdash; Zona Roja Oaxaca (@MexRoja) <a href=\"https:\/\/twitter.com\/MexRoja\/status\/1295748034370981890?ref_src=twsrc%5Etfw\">18 de agosto de 2020<\/a><\/blockquote><\/div>\n<\/div><\/figure>\n\n\n\n<p class=\"MsoNormal\">Por eso motivo, invitaron a los estudiantes que no lograron realizar el examen y a los que tuvieron problemas en l\u00ednea durante la prueba, a seguir protestando, pues la cantidad de alumnos aprobados para el nuevo ciclo escolar no est\u00e1 apegada a la realidad de los aspirantes a profesores.<\/p>\n\n\n\n<p class=\"MsoNormal\">Un n\u00famero reducido de normalistas, entre ellos de la Escuela Normal Biling\u00fce Intercultural de Oaxaca (ENBIO), se reunieron en inmediaciones de las antiguas oficinas del IEEPO, sobre carretera internacional 190, para culminar al z\u00f3calo de la ciudad, en el Centro Hist\u00f3rico.<\/p>\n\n\n\n<figure class=\"wp-block-embed-twitter wp-block-embed is-type-rich is-provider-twitter\"><div class=\"wp-block-embed__wrapper\">\n<div class=\"twitter-tweet\"><blockquote class=\"twitter-tweet\" data-lang=\"es\"><p lang=\"es\" dir=\"ltr\"><a href=\"https:\/\/twitter.com\/hashtag\/%C3%9AltimoMinuto?src=hash&amp;ref_src=twsrc%5Etfw\">#\u00daltimoMinuto<\/a> <br>En esta ocasi\u00f3n sin violencia ni vandalismo, los estudiantes normalistas llegaron en marcha al z\u00f3calo de la ciudad de Oaxaca. Reiteran irregularidades en el examen del <a href=\"https:\/\/twitter.com\/IEEPOGobOax?ref_src=twsrc%5Etfw\">@IEEPOGobOax<\/a> <a href=\"https:\/\/t.co\/ndTEAk8wNx\">pic.twitter.com\/ndTEAk8wNx<\/a><\/p>&mdash; Zona Roja Oaxaca (@MexRoja) <a href=\"https:\/\/twitter.com\/MexRoja\/status\/1295768573886038018?ref_src=twsrc%5Etfw\">18 de agosto de 2020<\/a><\/blockquote><\/div>\n<\/div><\/figure>\n\n\n\n<p class=\"MsoNormal\">Durante su movilizaci\u00f3n obstruyeron uno de los carriles de la vialidad, lo que ocasion\u00f3 congestionamiento y caos veh\u00edcular. Adem\u00e1s de retener a dos urbanos en los que se trasladaron al lugar. <\/p>\n\n\n\n<p class=\"MsoNormal\">Durante la semana pasada los normalistas realizaron una jornada de movilizaciones para demandar el examen de nuevo ingreso de forma presencial, a pesar de la pandemia que a\u00fan se vive en la entidad por Covid-19.<\/p>\n\n\n\n<p class=\"MsoNormal\">En sus actividades causaron da\u00f1os a inmuebles del IEEPO, del PRI y del Registro Civil, con pintas y quemas de llantas; adem\u00e1s de bloqueo de calles y toma de camiones del transporte urbano. En esta ocasi\u00f3n no realizaron actos vand\u00e1licos. <\/p>\n\n\n\n<figure class=\"wp-block-embed-twitter wp-block-embed is-type-rich is-provider-twitter\"><div class=\"wp-block-embed__wrapper\">\n<div class=\"twitter-tweet\"><blockquote class=\"twitter-tweet\" data-lang=\"es\"><p lang=\"es\" dir=\"ltr\"><a href=\"https:\/\/twitter.com\/hashtag\/%C3%9AltimoMinuto?src=hash&amp;ref_src=twsrc%5Etfw\">#\u00daltimoMinuto<\/a> <br>Estas son las demandas que expusieron los afiliados a la Coordinadora Estudiantil Normalista del Estado de Oaxaca (CENEO), al concluir su mitin en el z\u00f3calo de la ciudad de <a href=\"https:\/\/twitter.com\/hashtag\/Oaxaca?src=hash&amp;ref_src=twsrc%5Etfw\">#Oaxaca<\/a>. <a href=\"https:\/\/t.co\/EsQsyRusgO\">pic.twitter.com\/EsQsyRusgO<\/a><\/p>&mdash; Zona Roja Oaxaca (@MexRoja) <a href=\"https:\/\/twitter.com\/MexRoja\/status\/1295774576371068928?ref_src=twsrc%5Etfw\">18 de agosto de 2020<\/a><\/blockquote><\/div>\n<\/div><\/figure>\n\n\n\n<p class=\"MsoNormal\">MAESTROS TAMBI\u00c9N SE MOVILIZAN&nbsp;<\/p>\n\n\n\n<p class=\"MsoNormal\">En tanto, maestros de la Secci\u00f3n 22 del Sindicato Nacional de Trabajadores de la Educaci\u00f3n (SNTE) regresaron a las movilizaciones&nbsp;<a href=\"\/\/3\">este martes<\/a>.<\/p>\n\n\n\n<p class=\"MsoNormal\">Docentes de la regi\u00f3n Ca\u00f1ada arribaron a la caseta de peaje de Huitzo de la supercarretera Oaxaca-Cuacnopalan para apoderase del paso, sin que hasta el momento informen sobre los motivos de su movilizaci\u00f3n.<\/p>\n","protected":false},"excerpt":{"rendered":"<p>Yuridiana Sosa\/Zona Roja. Oaxaca de Ju\u00e1rez, Oax., 18 de agosto de 2020.- Integrantes de la&hellip;<\/p>\n","protected":false},"author":2,"featured_media":16431,"comment_status":"closed","ping_status":"open","sticky":false,"template":"","format":"standard","meta":{"_lmt_disableupdate":"","_lmt_disable":"","_jetpack_memberships_contains_paid_content":false,"footnotes":""},"categories":[109,47],"tags":[1926],"class_list":["post-16423","post","type-post","status-publish","format-standard","has-post-thumbnail","hentry","category-minuto-a-minuto","category-zona-gris","tag-coordinadora-estudiantil-normalista-del-estado-de-oaxaca-ceneo"],"jetpack_featured_media_url":"https:\/\/zonaroja.com.mx\/wp-content\/uploads\/2020\/08\/Marcha-normalistas.jpg","jetpack_sharing_enabled":true,"_links":{"self":[{"href":"https:\/\/zonaroja.com.mx\/index.php?rest_route=\/wp\/v2\/posts\/16423","targetHints":{"allow":["GET"]}}],"collection":[{"href":"https:\/\/zonaroja.com.mx\/index.php?rest_route=\/wp\/v2\/posts"}],"about":[{"href":"https:\/\/zonaroja.com.mx\/index.php?rest_route=\/wp\/v2\/types\/post"}],"author":[{"embeddable":true,"href":"https:\/\/zonaroja.com.mx\/index.php?rest_route=\/wp\/v2\/users\/2"}],"replies":[{"embeddable":true,"href":"https:\/\/zonaroja.com.mx\/index.php?rest_route=%2Fwp%2Fv2%2Fcomments&post=16423"}],"version-history":[{"count":3,"href":"https:\/\/zonaroja.com.mx\/index.php?rest_route=\/wp\/v2\/posts\/16423\/revisions"}],"predecessor-version":[{"id":16432,"href":"https:\/\/zonaroja.com.mx\/index.php?rest_route=\/wp\/v2\/posts\/16423\/revisions\/16432"}],"wp:featuredmedia":[{"embeddable":true,"href":"https:\/\/zonaroja.com.mx\/index.php?rest_route=\/wp\/v2\/media\/16431"}],"wp:attachment":[{"href":"https:\/\/zonaroja.com.mx\/index.php?rest_route=%2Fwp%2Fv2%2Fmedia&parent=16423"}],"wp:term":[{"taxonomy":"category","embeddable":true,"href":"https:\/\/zonaroja.com.mx\/index.php?rest_route=%2Fwp%2Fv2%2Fcategories&post=16423"},{"taxonomy":"post_tag","embeddable":true,"href":"https:\/\/zonaroja.com.mx\/index.php?rest_route=%2Fwp%2Fv2%2Ftags&post=16423"}],"curies":[{"name":"wp","href":"https:\/\/api.w.org\/{rel}","templated":true}]}}