{"id":16427,"date":"2020-08-18T15:05:40","date_gmt":"2020-08-18T20:05:40","guid":{"rendered":"http:\/\/www.zonaroja.com.mx\/?p=16427"},"modified":"2020-08-18T15:05:43","modified_gmt":"2020-08-18T20:05:43","slug":"escuelas-particulares-de-oaxaca-demandan-apoyo-federal-para-continuar","status":"publish","type":"post","link":"https:\/\/zonaroja.com.mx\/?p=16427","title":{"rendered":"Escuelas particulares de Oaxaca demandan apoyo federal para continuar"},"content":{"rendered":"\n<p>Yuridiana Sosa\/Zona Roja.<\/p>\n\n\n\n<p>Oaxaca de Ju\u00e1rez, Oax., 18 de agosto de 2020.- Docentes de escuelas privadas en la capital de Oaxaca, principalmente del nivel b\u00e1sico, demandaron al gobierno de M\u00e9xico y al estatal, apoyos econ\u00f3micos a manera de pr\u00e9stamos que les permitan continuar con sus actividades educativas a favor de unas 10 mil familias.<\/p>\n\n\n\n<p>A menos de una semana que inicie el nuevo ciclo escolar 2020-2021 a distancia, con el apoyo de plataformas digitales, los representantes de diversas instituciones manifestaron la crisis financiera por la que atraviesan, as\u00ed como lidian con una serie de desinformaci\u00f3n sobre sus servicios.<\/p>\n\n\n\n<p>Luc\u00eda Maciel Garc\u00eda, del Colegio \u201cHoracio Mann\u201d &#8211;del nivel preescolar&#8211;, indic\u00f3 que las direcciones y docentes de los planteles privados realizan un esfuerzo por continuar actividades, en la que algunos maestros est\u00e1n aceptando la mitad de sus salarios para no perder su empleo.<\/p>\n\n\n\n<p>Mientras que en otras, la falta de alumnos inscritos al nuevo ciclo o la disminuci\u00f3n de las plantillas educativas desde el inicio de la pandemia ha obligado a algunas instituciones a cerrar sus puertas, pues en la mayor\u00eda de los casos ya no pueden solventar el pago de las rentas donde se instalaron las escuelas.<\/p>\n\n\n\n<p>Expres\u00f3 que son cerca de 10 familias oaxaque\u00f1as, entre docentes y padres de familia, en la capital que viven o requieren de los servicios educativos de estas instituciones, pues ofrecen un horario amplio que permite a los padres cuidar a sus hijos mientras trabajan.<\/p>\n\n\n\n<p>&nbsp;Maciel Garc\u00eda expuso que en su caso, la matr\u00edcula de alumnos pas\u00f3 de 75 en marzo, a 25 al cierre del ciclo escolar y con una plantilla de 24 estudiantes para el arranque del nuevo ciclo; situaci\u00f3n que se repite en otras escuelas o que incluso no se registraron inscripciones por considerar, posiblemente, que el trabajo en l\u00ednea de las escuelas no val\u00eda la pena.<\/p>\n\n\n\n<p>Otro de los problemas que enfrentan es la desinformaci\u00f3n, pues algunos padres no quieren inscribir de nuevo ingreso o para continuar el nivel ante la informaci\u00f3n de algunas escuelas p\u00fablicas de Oaxaca que indican que la fecha prevista de inicio de ciclo es para enero, ante su rechazo al sistema de educaci\u00f3n en l\u00ednea; situaci\u00f3n que es distinta en las privadas.<\/p>\n\n\n\n<p>Aclar\u00f3 que se adaptar\u00e1n al nuevo sistema estimado por la Secretar\u00eda de Educaci\u00f3n P\u00fablica y el Instituto Estatal de Educaci\u00f3n P\u00fablica de Oaxaca para garantizar la educaci\u00f3n de los ni\u00f1os desde el inicio del ciclo la pr\u00f3xima semana, adem\u00e1s de considerar descuentos en las mensualidades para hacer m\u00e1s accesibles los pagos.<\/p>\n\n\n\n<p>La Asociaci\u00f3n Nacional para el Fomento Educativo y la Asociaci\u00f3n Nacional de Escuelas Particulares en la Rep\u00fablica Mexicana (ANFE-ANEP) indic\u00f3 que tras el anuncio de la SEP de educaci\u00f3n a distancia se prev\u00e9 el cierre del 40 por ciento de las academias privadas en el pa\u00eds.<\/p>\n","protected":false},"excerpt":{"rendered":"<p>Yuridiana Sosa\/Zona Roja. Oaxaca de Ju\u00e1rez, Oax., 18 de agosto de 2020.- Docentes de escuelas&hellip;<\/p>\n","protected":false},"author":2,"featured_media":16428,"comment_status":"closed","ping_status":"open","sticky":false,"template":"","format":"standard","meta":{"_lmt_disableupdate":"","_lmt_disable":"","_jetpack_memberships_contains_paid_content":false,"footnotes":""},"categories":[109,47],"tags":[],"class_list":["post-16427","post","type-post","status-publish","format-standard","has-post-thumbnail","hentry","category-minuto-a-minuto","category-zona-gris"],"jetpack_featured_media_url":"https:\/\/zonaroja.com.mx\/wp-content\/uploads\/2020\/08\/Conferencia-escuelas-privadas.jpg","jetpack_sharing_enabled":true,"_links":{"self":[{"href":"https:\/\/zonaroja.com.mx\/index.php?rest_route=\/wp\/v2\/posts\/16427","targetHints":{"allow":["GET"]}}],"collection":[{"href":"https:\/\/zonaroja.com.mx\/index.php?rest_route=\/wp\/v2\/posts"}],"about":[{"href":"https:\/\/zonaroja.com.mx\/index.php?rest_route=\/wp\/v2\/types\/post"}],"author":[{"embeddable":true,"href":"https:\/\/zonaroja.com.mx\/index.php?rest_route=\/wp\/v2\/users\/2"}],"replies":[{"embeddable":true,"href":"https:\/\/zonaroja.com.mx\/index.php?rest_route=%2Fwp%2Fv2%2Fcomments&post=16427"}],"version-history":[{"count":1,"href":"https:\/\/zonaroja.com.mx\/index.php?rest_route=\/wp\/v2\/posts\/16427\/revisions"}],"predecessor-version":[{"id":16429,"href":"https:\/\/zonaroja.com.mx\/index.php?rest_route=\/wp\/v2\/posts\/16427\/revisions\/16429"}],"wp:featuredmedia":[{"embeddable":true,"href":"https:\/\/zonaroja.com.mx\/index.php?rest_route=\/wp\/v2\/media\/16428"}],"wp:attachment":[{"href":"https:\/\/zonaroja.com.mx\/index.php?rest_route=%2Fwp%2Fv2%2Fmedia&parent=16427"}],"wp:term":[{"taxonomy":"category","embeddable":true,"href":"https:\/\/zonaroja.com.mx\/index.php?rest_route=%2Fwp%2Fv2%2Fcategories&post=16427"},{"taxonomy":"post_tag","embeddable":true,"href":"https:\/\/zonaroja.com.mx\/index.php?rest_route=%2Fwp%2Fv2%2Ftags&post=16427"}],"curies":[{"name":"wp","href":"https:\/\/api.w.org\/{rel}","templated":true}]}}