{"id":1643,"date":"2019-06-16T07:37:53","date_gmt":"2019-06-16T12:37:53","guid":{"rendered":"http:\/\/www.zonaroja.com.mx\/?p=1643"},"modified":"2019-06-16T07:37:56","modified_gmt":"2019-06-16T12:37:56","slug":"el-horror-del-abuso-sexual-infantil-en-oaxaca","status":"publish","type":"post","link":"https:\/\/zonaroja.com.mx\/?p=1643","title":{"rendered":"El horror del abuso sexual infantil en Oaxaca"},"content":{"rendered":"\n<p>Redacci\u00f3n<\/p>\n\n\n\n<p>Oaxaca de\nJu\u00e1rez, Oax.- Por seis a\u00f1os, el elemento policiaco viol\u00f3 a su hijastra. A los\nnueve a\u00f1os de edad comenzaron los tocamientos en contra de ella. A los 12 a\u00f1os,\nla agresi\u00f3n sexual, hasta que ella se cans\u00f3 y decidi\u00f3 denunciarlo, cuando\ncumpl\u00eda los 15. Por fin el viernes fue detenido en Loma Bonita Bernardo S. R.,\nde 49 a\u00f1os de edad.<\/p>\n\n\n\n<p>Como ese\ncaso, el fin de semana, al menos media docena probables agresores sexuales\nfueron aprehendidos por la Agencia Estatal de Investigaciones, dependiente de\nla Fiscal\u00eda General del Estado de Oaxaca. <\/p>\n\n\n\n<p>El de\nBernardo es uno de ellos, elemento activo de la Polic\u00eda Auxiliar, Bancaria,\nIndustrial y Comercial (PABIC), quien bajo el argumento de que su pareja lo\nabandon\u00f3 y le dejo a sus hijos, ultraj\u00f3 por varios a\u00f1os a la peque\u00f1a.<\/p>\n\n\n\n<p>La ma\u00f1ana\ndel viernes le fue aplicada la orden de aprehensi\u00f3n, derivada del expediente\npenal 110\/2019<\/p>\n\n\n\n<p>Pero los\ncasos de abuso sexual se acumulan cotidianamente, por todas las regiones de la\nentidad. <\/p>\n\n\n\n<p>Apenas el\nviernes, la AEI tambi\u00e9n detuvo a Sergio Aelton M. M., bajo la orden de\naprehensi\u00f3n 75\/2019, por el delito de violaci\u00f3n. Fue localizado en inmediaciones\ndel centro comercial Plaza Bella, en jurisdicci\u00f3n de Santa Mar\u00eda Atzompa.<\/p>\n\n\n\n<p>Los hechos\nocurrieron el pasado 22 de septiembre de 2018 cuando la menor de 12 a\u00f1os de\nedad sali\u00f3 de su casa en San Jer\u00f3nimo Yahuiche, pero de regreso, fue\ninterceptada y llevada a Atzompa.<\/p>\n\n\n\n<p>El\nindividuo, con enga\u00f1os llev\u00f3 a la ni\u00f1a a su casa y ah\u00ed la viol\u00f3, para despu\u00e9s\namenazarla con hacerle da\u00f1o si lo denunciaba. Pero ella tuvo el valor y se\nquej\u00f3.<\/p>\n\n\n\n<p>EN CASCADA<\/p>\n\n\n\n<p>Otro\npresunto delincuente fue aprehendido, de acuerdo con datos de la AEI, en Santos\nReyes Nopala. Jorge Alberto R. M., es acusado de violaci\u00f3n agravada y abuso\nsexual agravado, cometido en perjuicio de una mujer adulta.<\/p>\n\n\n\n<p>En Santo\nDomingo Tehuantepec, fue aprehendido Heriberto G. J., alias \u201cDon Heri\u201d, en\ncumplimiento a una orden por el delito de abuso sexual agravado en contra de un\nni\u00f1o de 12 a\u00f1os de edad.<\/p>\n\n\n\n<p>De acuerdo con la causa penal 242\/2019, los hechos\nocurrieron el 8 de febrero del 2018, cuando el ni\u00f1o se dirigi\u00f3 a la tienda\npropiedad del imputado, para comprar diversos productos. Fue en ese momento que\nel probable agresor abus\u00f3 sexualmente de la v\u00edctima.<\/p>\n\n\n\n<p>Por abuso sexual y violaci\u00f3n agravada, fue capturado tambi\u00e9n\nRub\u00e9n L. M., alias \u201cEl negro\u201d. De la misma manera, Carlos O. H., por abuso\nsexual agravado en contra de una menor de edad.<\/p>\n\n\n\n<p>ABUELO A\nMENOR DE 2 A\u00d1OS<\/p>\n\n\n\n<p>Por otra\nparte, la Fiscal\u00eda General del Estado inform\u00f3 que se logr\u00f3 la aprehensi\u00f3n y\nllev\u00f3 a audiencia a una persona del sexo masculino se\u00f1alada como probable\nresponsable del delito de violaci\u00f3n en agravio de una mujer, en Santo Domingo\nTehuantepec.<\/p>\n\n\n\n<p>La detenci\u00f3n\ndel imputado identificado como Raquel F. R. fue realizada sobre avenida\nFerrocarril -a un costado del mercado \u201cJes\u00fas Carranza\u201d- en cumplimiento a la\norden de aprehensi\u00f3n girada en su contra por el Juez de Control de Tehuantepec,\npor el delito de violaci\u00f3n agravada cometido en perjuicio de M. A. S.<\/p>\n\n\n\n<p>De acuerdo\ncon la causa penal 250\/2019, los hechos ocurrieron el pasado 16 de mayo, cuando\nla v\u00edctima se dirig\u00eda a su domicilio ubicado sobre la calle Ni\u00f1os H\u00e9roes y fue\ncon un arma de fuego, que el imputado la amenaz\u00f3 y la llev\u00f3 a una casa en\nconstrucci\u00f3n donde la viol\u00f3.<\/p>\n\n\n\n<p>Igualmente, logr\u00f3\nla aprehensi\u00f3n de J. G. D. G. por los delitos de violaci\u00f3n agravada y abuso\nsexual agravado, cometido contra una adolescente de 14 a\u00f1os, en la regi\u00f3n del\nIstmo. <\/p>\n\n\n\n<p>La\naprehensi\u00f3n del imputado fue el 13 de junio en inmediaciones de la colonia\nBenito Ju\u00e1rez, en Santo Domingo Tehuantepec.<\/p>\n\n\n\n<p>De acuerdo\ncon la causa penal 128\/2019, el 4 de octubre de 2018, el imputado J. G. D. G.,\n(padrastro de la v\u00edctima) la llev\u00f3 con amenazas a un motel cerca de Santo Domingo\nTehuantepec, donde la agredi\u00f3 sexualmente.<\/p>\n\n\n\n<p>En otro\ncaso, una persona de 37 a\u00f1os y abuelo materno de una ni\u00f1a de dos a\u00f1os y siete\nmeses, fue detenido por la Fiscal\u00eda General y vinculado a proceso por su\nprobable responsabilidad en el delito de abuso sexual agravado. <\/p>\n\n\n\n<p>En tanto que\nel individuo identificado como F. J. P. B., fue aprehendido en la poblaci\u00f3n de\nSan Gabriel Mixtepec, y seg\u00fan la causa penal 266\/2019 asentada en el Juzgado de\nControl de Puerto Escondido, el pasado 25 de febrero, la ni\u00f1a se encontraba en\nel domicilio de su abuelo materno F. J. P. B., ubicado en Barrio de la Cruz,\nSan Gabriel Mixtepec, quien aprovech\u00f3 el momento para tocar las partes \u00edntimas\nde la ni\u00f1a.<\/p>\n\n\n\n<p>Despu\u00e9s que\nlos familiares de la v\u00edctima denunciaron los hechos ante el agente del\nMinisterio P\u00fablico, la Instituci\u00f3n de procuraci\u00f3n de justicia inici\u00f3 la\ninvestigaci\u00f3n correspondiente, obtuvo orden de aprehensi\u00f3n, la ejecut\u00f3 y lo\npuso a disposici\u00f3n del juez.<\/p>\n","protected":false},"excerpt":{"rendered":"<p>Redacci\u00f3n Oaxaca de Ju\u00e1rez, Oax.- Por seis a\u00f1os, el elemento policiaco viol\u00f3 a su hijastra.&hellip;<\/p>\n","protected":false},"author":2,"featured_media":1644,"comment_status":"closed","ping_status":"open","sticky":false,"template":"","format":"standard","meta":{"_lmt_disableupdate":"","_lmt_disable":"","_jetpack_memberships_contains_paid_content":false,"footnotes":""},"categories":[109,51],"tags":[119,59,58],"class_list":["post-1643","post","type-post","status-publish","format-standard","has-post-thumbnail","hentry","category-minuto-a-minuto","category-zona-roja","tag-abuso-sexual-infantil","tag-fiscalia-general-del-estado","tag-oaxaca"],"jetpack_featured_media_url":"https:\/\/zonaroja.com.mx\/wp-content\/uploads\/2019\/06\/abuso-sexual-ni\u00f1as.jpg","jetpack_sharing_enabled":true,"_links":{"self":[{"href":"https:\/\/zonaroja.com.mx\/index.php?rest_route=\/wp\/v2\/posts\/1643","targetHints":{"allow":["GET"]}}],"collection":[{"href":"https:\/\/zonaroja.com.mx\/index.php?rest_route=\/wp\/v2\/posts"}],"about":[{"href":"https:\/\/zonaroja.com.mx\/index.php?rest_route=\/wp\/v2\/types\/post"}],"author":[{"embeddable":true,"href":"https:\/\/zonaroja.com.mx\/index.php?rest_route=\/wp\/v2\/users\/2"}],"replies":[{"embeddable":true,"href":"https:\/\/zonaroja.com.mx\/index.php?rest_route=%2Fwp%2Fv2%2Fcomments&post=1643"}],"version-history":[{"count":1,"href":"https:\/\/zonaroja.com.mx\/index.php?rest_route=\/wp\/v2\/posts\/1643\/revisions"}],"predecessor-version":[{"id":1645,"href":"https:\/\/zonaroja.com.mx\/index.php?rest_route=\/wp\/v2\/posts\/1643\/revisions\/1645"}],"wp:featuredmedia":[{"embeddable":true,"href":"https:\/\/zonaroja.com.mx\/index.php?rest_route=\/wp\/v2\/media\/1644"}],"wp:attachment":[{"href":"https:\/\/zonaroja.com.mx\/index.php?rest_route=%2Fwp%2Fv2%2Fmedia&parent=1643"}],"wp:term":[{"taxonomy":"category","embeddable":true,"href":"https:\/\/zonaroja.com.mx\/index.php?rest_route=%2Fwp%2Fv2%2Fcategories&post=1643"},{"taxonomy":"post_tag","embeddable":true,"href":"https:\/\/zonaroja.com.mx\/index.php?rest_route=%2Fwp%2Fv2%2Ftags&post=1643"}],"curies":[{"name":"wp","href":"https:\/\/api.w.org\/{rel}","templated":true}]}}