{"id":16435,"date":"2020-08-18T15:51:17","date_gmt":"2020-08-18T20:51:17","guid":{"rendered":"http:\/\/www.zonaroja.com.mx\/?p=16435"},"modified":"2020-08-18T15:51:20","modified_gmt":"2020-08-18T20:51:20","slug":"analiza-congreso-de-oaxaca-creacion-de-padron-de-agresores-feminicidas","status":"publish","type":"post","link":"https:\/\/zonaroja.com.mx\/?p=16435","title":{"rendered":"Analiza Congreso de Oaxaca creaci\u00f3n de Padr\u00f3n  de Agresores Feminicidas"},"content":{"rendered":"\n<p>Redacci\u00f3n\/Zona Roja.<\/p>\n\n\n\n<p>Oaxaca de Ju\u00e1rez, Oax., 18 de agosto de 2020.- En el Congreso de Oaxaca se estudia una iniciativa para crear el Listado de Agresores Feminicidas en el Estado, con el objetivo de impedirles ocupar un encargo en el servicio p\u00fablico estatal y municipal.<\/p>\n\n\n\n<p>La propuesta presentada ante la 64 Legislatura en sesi\u00f3n ordinaria del d\u00eda 12 de agosto por el diputado local, C\u00e9sar Enrique Morales Ni\u00f1o, adiciona y reforma diversas disposiciones a la Ley Estatal de Acceso de las Mujeres a una Vida Libre de Violencia de G\u00e9nero.<\/p>\n\n\n\n<p>La modificaci\u00f3n consiste en la creaci\u00f3n de un Listado de Agresores Feminicidas en el Estado de Oaxaca, en el cual, se advierta a la Secretar\u00eda de la Contralor\u00eda y Transparencia Gubernamental del comportamiento violento de los hombres hacia las mujeres y esta a su vez, corrobore que s\u00ed se trata de alg\u00fan servidor p\u00fablico inicie la baja correspondiente.<\/p>\n\n\n\n<p>Tambi\u00e9n, alcanzar\u00eda a quienes aspiren a ingresar al servicio p\u00fablico, ya que uno de los requisitos indispensable ser\u00eda no aparecer en ese listado de violentadores de mujeres.<\/p>\n\n\n\n<p>La iniciativa fue turnada por la Mesa Directiva de la Diputaci\u00f3n local a las Comisiones permanentes Unidas de Igualdad de G\u00e9nero y Administraci\u00f3n y Procuraci\u00f3n de Justicia para su an\u00e1lisis y dictamen.<\/p>\n","protected":false},"excerpt":{"rendered":"<p>Redacci\u00f3n\/Zona Roja. Oaxaca de Ju\u00e1rez, Oax., 18 de agosto de 2020.- En el Congreso de&hellip;<\/p>\n","protected":false},"author":2,"featured_media":16436,"comment_status":"closed","ping_status":"open","sticky":false,"template":"","format":"standard","meta":{"_lmt_disableupdate":"","_lmt_disable":"","_jetpack_memberships_contains_paid_content":false,"footnotes":""},"categories":[109,46],"tags":[612],"class_list":["post-16435","post","type-post","status-publish","format-standard","has-post-thumbnail","hentry","category-minuto-a-minuto","category-zona-blanca","tag-cesar-morales-nino"],"jetpack_featured_media_url":"https:\/\/zonaroja.com.mx\/wp-content\/uploads\/2020\/08\/Cesar-Morales-N.png","jetpack_sharing_enabled":true,"_links":{"self":[{"href":"https:\/\/zonaroja.com.mx\/index.php?rest_route=\/wp\/v2\/posts\/16435","targetHints":{"allow":["GET"]}}],"collection":[{"href":"https:\/\/zonaroja.com.mx\/index.php?rest_route=\/wp\/v2\/posts"}],"about":[{"href":"https:\/\/zonaroja.com.mx\/index.php?rest_route=\/wp\/v2\/types\/post"}],"author":[{"embeddable":true,"href":"https:\/\/zonaroja.com.mx\/index.php?rest_route=\/wp\/v2\/users\/2"}],"replies":[{"embeddable":true,"href":"https:\/\/zonaroja.com.mx\/index.php?rest_route=%2Fwp%2Fv2%2Fcomments&post=16435"}],"version-history":[{"count":1,"href":"https:\/\/zonaroja.com.mx\/index.php?rest_route=\/wp\/v2\/posts\/16435\/revisions"}],"predecessor-version":[{"id":16437,"href":"https:\/\/zonaroja.com.mx\/index.php?rest_route=\/wp\/v2\/posts\/16435\/revisions\/16437"}],"wp:featuredmedia":[{"embeddable":true,"href":"https:\/\/zonaroja.com.mx\/index.php?rest_route=\/wp\/v2\/media\/16436"}],"wp:attachment":[{"href":"https:\/\/zonaroja.com.mx\/index.php?rest_route=%2Fwp%2Fv2%2Fmedia&parent=16435"}],"wp:term":[{"taxonomy":"category","embeddable":true,"href":"https:\/\/zonaroja.com.mx\/index.php?rest_route=%2Fwp%2Fv2%2Fcategories&post=16435"},{"taxonomy":"post_tag","embeddable":true,"href":"https:\/\/zonaroja.com.mx\/index.php?rest_route=%2Fwp%2Fv2%2Ftags&post=16435"}],"curies":[{"name":"wp","href":"https:\/\/api.w.org\/{rel}","templated":true}]}}