{"id":16438,"date":"2020-08-18T16:15:30","date_gmt":"2020-08-18T21:15:30","guid":{"rendered":"http:\/\/www.zonaroja.com.mx\/?p=16438"},"modified":"2020-08-18T16:15:34","modified_gmt":"2020-08-18T21:15:34","slug":"aplican-primeros-30-arrestos-en-huatulco-por-no-portar-cubrebocas","status":"publish","type":"post","link":"https:\/\/zonaroja.com.mx\/?p=16438","title":{"rendered":"Aplican primeros 30 arrestos en Huatulco por no portar cubrebocas"},"content":{"rendered":"\n<p>Evlin Arag\u00f3n\/Zona Roja.<\/p>\n\n\n\n<p>Oaxaca de Ju\u00e1rez, Oax., 18 de agosto de 2020.- Tras la emisi\u00f3n de un decreto el pasado domingo, el ayuntamiento de Santa Mar\u00eda Huatulco arrest\u00f3 a las primeras 30 personas, en su mayor\u00eda turistas, por no portar cubrebocas.<\/p>\n\n\n\n<p>&nbsp;Esta medida, as\u00ed como multas de hasta 500 pesos y tres d\u00edas de trabajo comunitario son las sanciones a las que se enfrentan habitantes de ese municipio por no utilizar protecci\u00f3n facial.&nbsp;<\/p>\n\n\n\n<p>As\u00ed lo dio a conocer la s\u00edndico municipal, Ana V\u00e1squez Arteaga, quien se\u00f1al\u00f3 que la disposici\u00f3n fue aprobada luego del incremento de casos de Covid-19 que se han registrado en la regi\u00f3n de la Costa, y de forma particular en la localidad que ya cuenta con 81 casos confirmados por los Servicios de Salud de Oaxaca.&nbsp;<\/p>\n\n\n\n<p>\u201cYa iniciamos desde el fin de semana, comenzamos con arrestos en la v\u00eda p\u00fablica a quienes se encuentren en espacios de uso com\u00fan, la pena puede ir desde una multa, el arresto y el trabajo comunitario que consistir\u00e1 en la sanitizacion de espacios p\u00fablicos y la concientizaci\u00f3n a los ciudadanos que circulan, transitan o pasan por los filtros sanitarios\u201d, refiri\u00f3 la autoridad en entrevista telef\u00f3nica para el noticiario de ORO Divisi\u00f3n Noticias.&nbsp;<\/p>\n\n\n\n<p>V\u00e1squez Arteaga detall\u00f3 que tan s\u00f3lo este fin de semana fueron 30 personas arrestadas, algunas de las cuales decidieron pagar la multa establecida, unas m\u00e1s cumplieron el arresto impuesto y a otras ya se les est\u00e1 programando el trabajo comunitario que tendr\u00e1n que realizar en los pr\u00f3ximos d\u00edas.\u00a0<\/p>\n\n\n\n<figure class=\"wp-block-embed-twitter wp-block-embed is-type-rich is-provider-twitter\"><div class=\"wp-block-embed__wrapper\">\n<div class=\"twitter-tweet\"><blockquote class=\"twitter-tweet\" data-lang=\"es\"><p lang=\"es\" dir=\"ltr\"><a href=\"https:\/\/twitter.com\/hashtag\/Qu%C3%A9dateEnCasaA%C3%BAn?src=hash&amp;ref_src=twsrc%5Etfw\">#Qu\u00e9dateEnCasaA\u00fan<\/a> <br>V\u00eda telef\u00f3nica con el periodista <a href=\"https:\/\/twitter.com\/Betillocruz?ref_src=twsrc%5Etfw\">@Betillocruz<\/a> de <a href=\"https:\/\/twitter.com\/ororadio?ref_src=twsrc%5Etfw\">@ororadio<\/a>, la s\u00edndica municipal de Santa Mar\u00eda <a href=\"https:\/\/twitter.com\/hashtag\/Huatulco?src=hash&amp;ref_src=twsrc%5Etfw\">#Huatulco<\/a>, Ana V\u00e1squez, inform\u00f3 de 30 detenidos, entre ellos algunos turistas, por desacato al uso obligatorio de cubrebocas. <a href=\"https:\/\/t.co\/3y7ekUn31F\">pic.twitter.com\/3y7ekUn31F<\/a><\/p>&mdash; Zona Roja Oaxaca (@MexRoja) <a href=\"https:\/\/twitter.com\/MexRoja\/status\/1295831264851906561?ref_src=twsrc%5Etfw\">18 de agosto de 2020<\/a><\/blockquote><\/div>\n<\/div><\/figure>\n\n\n\n<p>La medida dijo aplica tambi\u00e9n para al turismo que, desde hace semanas, ya arriba a las Bah\u00edas de Huatulco, siendo las y los visitantes quienes menos cumplen con la disposici\u00f3n del uso del cubrebocas, raz\u00f3n por la que algunos fueron detenidos este fin de semana&nbsp;<\/p>\n\n\n\n<p>\u201cEs lamentable que los turistas de nacionalidad extranjera son quienes no han cumplido con los protocolos, por los que lo oriundos se han inconformado ante dicha situaci\u00f3n, raz\u00f3n por la que, de los 30 detenidos de este fin de semana, la mayor\u00eda eran turistas provenientes de la Ciudad de M\u00e9xico\u201d, refiri\u00f3.&nbsp;<\/p>\n\n\n\n<p>De acuerdo con la autoridad, la decisi\u00f3n tomada por el Cabildo se deriv\u00f3 de lo expuesto por el Consejo de Sanidad Municipal, donde participan representantes de todos los nosocomios ubicados en la localidad, quienes est\u00e1n plenamente certificados para proponer medidas de contenci\u00f3n de la pandemia.&nbsp;<\/p>\n\n\n\n<p>Finalmente, V\u00e1squez Arteaga lament\u00f3 que se tengan que recurrir a este tipo de acciones debido a la resistencia de la poblaci\u00f3n a seguir las medidas sanitarias y evitar as\u00ed la propagaci\u00f3n de Covid-19.<\/p>\n","protected":false},"excerpt":{"rendered":"<p>Evlin Arag\u00f3n\/Zona Roja. Oaxaca de Ju\u00e1rez, Oax., 18 de agosto de 2020.- Tras la emisi\u00f3n&hellip;<\/p>\n","protected":false},"author":2,"featured_media":16439,"comment_status":"closed","ping_status":"open","sticky":false,"template":"","format":"standard","meta":{"_lmt_disableupdate":"","_lmt_disable":"","_jetpack_memberships_contains_paid_content":false,"footnotes":""},"categories":[109,47],"tags":[1931],"class_list":["post-16438","post","type-post","status-publish","format-standard","has-post-thumbnail","hentry","category-minuto-a-minuto","category-zona-gris","tag-santa-maria-huatul"],"jetpack_featured_media_url":"https:\/\/zonaroja.com.mx\/wp-content\/uploads\/2020\/08\/Playas-Huatulco.png","jetpack_sharing_enabled":true,"_links":{"self":[{"href":"https:\/\/zonaroja.com.mx\/index.php?rest_route=\/wp\/v2\/posts\/16438","targetHints":{"allow":["GET"]}}],"collection":[{"href":"https:\/\/zonaroja.com.mx\/index.php?rest_route=\/wp\/v2\/posts"}],"about":[{"href":"https:\/\/zonaroja.com.mx\/index.php?rest_route=\/wp\/v2\/types\/post"}],"author":[{"embeddable":true,"href":"https:\/\/zonaroja.com.mx\/index.php?rest_route=\/wp\/v2\/users\/2"}],"replies":[{"embeddable":true,"href":"https:\/\/zonaroja.com.mx\/index.php?rest_route=%2Fwp%2Fv2%2Fcomments&post=16438"}],"version-history":[{"count":1,"href":"https:\/\/zonaroja.com.mx\/index.php?rest_route=\/wp\/v2\/posts\/16438\/revisions"}],"predecessor-version":[{"id":16440,"href":"https:\/\/zonaroja.com.mx\/index.php?rest_route=\/wp\/v2\/posts\/16438\/revisions\/16440"}],"wp:featuredmedia":[{"embeddable":true,"href":"https:\/\/zonaroja.com.mx\/index.php?rest_route=\/wp\/v2\/media\/16439"}],"wp:attachment":[{"href":"https:\/\/zonaroja.com.mx\/index.php?rest_route=%2Fwp%2Fv2%2Fmedia&parent=16438"}],"wp:term":[{"taxonomy":"category","embeddable":true,"href":"https:\/\/zonaroja.com.mx\/index.php?rest_route=%2Fwp%2Fv2%2Fcategories&post=16438"},{"taxonomy":"post_tag","embeddable":true,"href":"https:\/\/zonaroja.com.mx\/index.php?rest_route=%2Fwp%2Fv2%2Ftags&post=16438"}],"curies":[{"name":"wp","href":"https:\/\/api.w.org\/{rel}","templated":true}]}}