{"id":16444,"date":"2020-08-18T19:50:28","date_gmt":"2020-08-19T00:50:28","guid":{"rendered":"http:\/\/www.zonaroja.com.mx\/?p=16444"},"modified":"2020-08-18T19:50:31","modified_gmt":"2020-08-19T00:50:31","slug":"padres-de-itzel-protestan-en-cdmx-y-piden-ayuda-a-amlo-y-fgr-para-localizarla","status":"publish","type":"post","link":"https:\/\/zonaroja.com.mx\/?p=16444","title":{"rendered":"Padres de Itzel protestan en Cdmx y piden ayuda a AMLO y FGR para localizarla"},"content":{"rendered":"\n<p>Yuridiana Sosa\/Zona Roja.<\/p>\n\n\n\n<p>Oaxaca de Ju\u00e1rez, Oax., 18 de agosto de 2020.- La familia de Iztel Gonz\u00e1lez Gonz\u00e1lez se manifest\u00f3 en la Ciudad de M\u00e9xico para demandar la intervenci\u00f3n directa del Presidente de la Rep\u00fablica, Andr\u00e9s Manuel L\u00f3pez Obrador, a fin de agilizar la localizaci\u00f3n de la joven, que desapareci\u00f3 en San Juan Bautista Tuxtepec en abril de este a\u00f1o.<\/p>\n\n\n\n<p>Padres, hermana y t\u00edos de la joven de 21 a\u00f1os de edad, viajaron desde la regi\u00f3n de la Cuenca del Papaloapan a la capital del pa\u00eds para pedir ayuda del gobierno de M\u00e9xico, pues en la entidad la Fiscal\u00eda General de Oaxaca, dicen, ha olvidado el caso.<\/p>\n\n\n\n<p>Iztel desapareci\u00f3 en medio de la contingencia sanitaria por Covid-19 el pasado 14 de abril en la colonia Grajales de Tuxtepec, cuando se dirig\u00eda caminando a casa de un familiar, pero nunca lleg\u00f3. Desde ese entonces no se conoce su paradero.<\/p>\n\n\n\n<p>\u201cHay dos detenidos, pero sabemos que no han declarado, pero c\u00f3mo es posible que no haya una estrategia para que los interroguen, ya son cuatro meses de la desaparici\u00f3n y no nada m\u00e1s es ella, son tres j\u00f3venes. No es posible\u201d, dijo una de las t\u00edas de la joven mientras se manifestaban afuera de las oficinas de la Fiscal\u00eda General de la Rep\u00fablica, hasta donde tambi\u00e9n arribaron para demandar que atraiga el caso.<\/p>\n\n\n\n<figure class=\"wp-block-embed-twitter wp-block-embed is-type-rich is-provider-twitter\"><div class=\"wp-block-embed__wrapper\">\n<div class=\"twitter-tweet\"><blockquote class=\"twitter-tweet\" data-lang=\"es\"><p lang=\"es\" dir=\"ltr\"><a href=\"https:\/\/twitter.com\/hashtag\/OaxacaGris?src=hash&amp;ref_src=twsrc%5Etfw\">#OaxacaGris<\/a><br>Ante nulos resultados de la <a href=\"https:\/\/twitter.com\/FISCALIA_GobOax?ref_src=twsrc%5Etfw\">@FISCALIA_GobOax<\/a> que preside <a href=\"https:\/\/twitter.com\/RVasconcelosM?ref_src=twsrc%5Etfw\">@RVasconcelosM<\/a>, familiares de Itzel, joven desaparecida en Tuxtepec hace cuatro meses, piden ayuda a la <a href=\"https:\/\/twitter.com\/FGRMexico?ref_src=twsrc%5Etfw\">@FGRMexico<\/a>.<br>El video lo comparte <a href=\"https:\/\/twitter.com\/XochitlGalvez?ref_src=twsrc%5Etfw\">@XochitlGalvez<\/a>. <a href=\"https:\/\/t.co\/2m0o4IF9iy\">pic.twitter.com\/2m0o4IF9iy<\/a><\/p>&mdash; Zona Roja Oaxaca (@MexRoja) <a href=\"https:\/\/twitter.com\/MexRoja\/status\/1295814035242463234?ref_src=twsrc%5Etfw\">18 de agosto de 2020<\/a><\/blockquote><\/div>\n<\/div><\/figure>\n\n\n\n<p>Con una lona con la ficha de b\u00fasqueda de la joven estudiante de enfermer\u00eda en la Universidad del Papaloapan, el familiar tambi\u00e9n expuso que \u201cel gobernador (Alejandro Murat) no ha dado la cara, y el fiscal general de Oaxaca (Rub\u00e9n Vasconcelos) fue a Tuxtepec, pero nada m\u00e1s dijo que iban a estar en contacto, pero le escribimos y llamamos y no contesta\u201d.<\/p>\n\n\n\n<p>En junio, la Fiscal\u00eda General de Oaxaca localiz\u00f3 una fosa clandestina con restos humanos y el cuerpo sin vida de una mujer en un predio de la comunidad de Zacate Colorado en Tuxtepec, de los cuales a\u00fan no reporta sobre su identidad para descartar o confirmar si se tratan de las tres j\u00f3venes desaparecidas entre los meses de marzo y mayo de este a\u00f1o en ese municipio de la regi\u00f3n Cuenca.<\/p>\n","protected":false},"excerpt":{"rendered":"<p>Yuridiana Sosa\/Zona Roja. Oaxaca de Ju\u00e1rez, Oax., 18 de agosto de 2020.- La familia de&hellip;<\/p>\n","protected":false},"author":2,"featured_media":16445,"comment_status":"closed","ping_status":"open","sticky":false,"template":"","format":"standard","meta":{"_lmt_disableupdate":"","_lmt_disable":"","_jetpack_memberships_contains_paid_content":false,"footnotes":""},"categories":[109,47],"tags":[1629],"class_list":["post-16444","post","type-post","status-publish","format-standard","has-post-thumbnail","hentry","category-minuto-a-minuto","category-zona-gris","tag-itzel-gonzalez-gonzalez"],"jetpack_featured_media_url":"https:\/\/zonaroja.com.mx\/wp-content\/uploads\/2020\/08\/Desaparecida-Itzel-Tuxtepec.jpg","jetpack_sharing_enabled":true,"_links":{"self":[{"href":"https:\/\/zonaroja.com.mx\/index.php?rest_route=\/wp\/v2\/posts\/16444","targetHints":{"allow":["GET"]}}],"collection":[{"href":"https:\/\/zonaroja.com.mx\/index.php?rest_route=\/wp\/v2\/posts"}],"about":[{"href":"https:\/\/zonaroja.com.mx\/index.php?rest_route=\/wp\/v2\/types\/post"}],"author":[{"embeddable":true,"href":"https:\/\/zonaroja.com.mx\/index.php?rest_route=\/wp\/v2\/users\/2"}],"replies":[{"embeddable":true,"href":"https:\/\/zonaroja.com.mx\/index.php?rest_route=%2Fwp%2Fv2%2Fcomments&post=16444"}],"version-history":[{"count":1,"href":"https:\/\/zonaroja.com.mx\/index.php?rest_route=\/wp\/v2\/posts\/16444\/revisions"}],"predecessor-version":[{"id":16446,"href":"https:\/\/zonaroja.com.mx\/index.php?rest_route=\/wp\/v2\/posts\/16444\/revisions\/16446"}],"wp:featuredmedia":[{"embeddable":true,"href":"https:\/\/zonaroja.com.mx\/index.php?rest_route=\/wp\/v2\/media\/16445"}],"wp:attachment":[{"href":"https:\/\/zonaroja.com.mx\/index.php?rest_route=%2Fwp%2Fv2%2Fmedia&parent=16444"}],"wp:term":[{"taxonomy":"category","embeddable":true,"href":"https:\/\/zonaroja.com.mx\/index.php?rest_route=%2Fwp%2Fv2%2Fcategories&post=16444"},{"taxonomy":"post_tag","embeddable":true,"href":"https:\/\/zonaroja.com.mx\/index.php?rest_route=%2Fwp%2Fv2%2Ftags&post=16444"}],"curies":[{"name":"wp","href":"https:\/\/api.w.org\/{rel}","templated":true}]}}