{"id":16447,"date":"2020-08-18T20:45:04","date_gmt":"2020-08-19T01:45:04","guid":{"rendered":"http:\/\/www.zonaroja.com.mx\/?p=16447"},"modified":"2020-08-18T20:45:08","modified_gmt":"2020-08-19T01:45:08","slug":"oaxaca-se-congratula-por-avance-legislativo-en-tabasco-a-favor-de-la-ninez","status":"publish","type":"post","link":"https:\/\/zonaroja.com.mx\/?p=16447","title":{"rendered":"Oaxaca se congratula por avance legislativo en Tabasco a favor de la ni\u00f1ez"},"content":{"rendered":"\n<p>Redacci\u00f3n\/Zona Roja.<\/p>\n\n\n\n<p>Oaxaca de Ju\u00e1rez, Oax. 18 de agosto de 2020.- Con un llamado a la industria de alimentos altos en sodio y bebidas azucaradas, a sumarse a una nueva pol\u00edtica de salud, congresistas de Oaxaca se congratularon por la decisi\u00f3n del Poder Legislativo de Tabasco para prohibir la venta de productos \u201cchatarra\u201d a menores de edad.<\/p>\n\n\n\n<p>Este lunes 17 de agosto, el Congreso de Tabasco aprob\u00f3 reformas las leyes de Salud, Educaci\u00f3n y Hacienda, para prohibir la venta de productos \u00abchatarra\u00bb a menores de edad. La iniciativa fue presentada por el gobernador de esta entidad, Ad\u00e1n Augusto L\u00f3pez Hern\u00e1ndez.<\/p>\n\n\n\n<p>Ante esto, el presidente de la Junta de Coordinaci\u00f3n Pol\u00edtica del Congreso local, diputado, Horacio Sosa Villavicencio, celebr\u00f3 que se haya hecho eco al llamado realizado desde la 64 Legislatura, a sumar esfuerzos para la defensa de la salud de la infancia.<\/p>\n\n\n\n<p>Catalog\u00f3 como importante la colaboraci\u00f3n del sector salud, el empresarial, incluso la participaci\u00f3n de las familias, para aminorar los \u00edndices de enfermedades como la diabetes infantil, una responsabilidad de todas y todos.<\/p>\n\n\n\n<p>Tambi\u00e9n, el subsecretario&nbsp; de Prevenci\u00f3n y Promoci\u00f3n de la Salud de la Secretar\u00eda de Salud, Hugo L\u00f3pez Gatell, recibi\u00f3 con benepl\u00e1cito la reforma del Congreso de Tabasco para regular el acceso de productos industrializados no saludables en establecimientos escolares, igual que en la Legislatura de Oaxaca. Una modificaci\u00f3n legal que ser\u00e1 favorable para el interes superior de la infancia.<\/p>\n\n\n\n<p>En tanto, la congresista, Magaly L\u00f3pez Dom\u00ednguez, destac\u00f3 que la medida avalada por sus hom\u00f3logas y hom\u00f3logos en Tabasco, significa un extraordinario avance para proteger la salud de la poblaci\u00f3n infantil y hace conciencia sobre la relevancia de la alimentaci\u00f3n en las pol\u00edticas p\u00fablicas de cada estado.<\/p>\n\n\n\n<p>Asimismo, recomend\u00f3 a los comerciantes e industriales a sumar esfuerzos para ofrecer nuevos productos. \u201cExiste suficiente investigaci\u00f3n cient\u00edfica que ofrece alternativas ante la comida chatarra, es necesario que la industria se integre a una nueva pol\u00edtica nacional de salud que se construye desde los congresos estatales\u00bb.&nbsp;<\/p>\n\n\n\n<p>En ese tenor, el legislador, Oth\u00f3n Cuevas C\u00f3rdova, apunt\u00f3 que el sector empresarial, con las utilidades que recibe, tiene los recursos suficientes y la oportunidad de innovar las f\u00f3rmulas y variedad de sus productos para ofrecer opciones saludables a los consumidores.<\/p>\n\n\n\n<p>De acuerdo con un estudio del Instituto Mexicano de la Competitividad, en M\u00e9xico los costos econ\u00f3micos de pacientes con diabetes, obesidad o hipertensi\u00f3n, derivadas por el consumo de alimentos y bebidas \u201cchatarra\u201d, representaron solamente en el a\u00f1o 2012, un estimado de 98 mil millones de pesos, equivalente al 87 por ciento del presupuesto para la salud en ese ejercicio fiscal.<\/p>\n\n\n\n<p>Fue en sesi\u00f3n ordinaria del pasado mi\u00e9rcoles 5 de agosto, que la 64 Legislatura aprob\u00f3 la propuesta de Ley impulsada por la diputada, Magaly L\u00f3pez Dom\u00ednguez, la cual, adiciona el Art\u00edculo 20 Bis a la Ley de los Derechos de Ni\u00f1as, Ni\u00f1os y Adolescentes, a fin de prohibir la venta y consumo de bebidas azucaradas y alimentos envasados de alto contenido cal\u00f3rico a menores de edad.<\/p>\n","protected":false},"excerpt":{"rendered":"<p>Redacci\u00f3n\/Zona Roja. Oaxaca de Ju\u00e1rez, Oax. 18 de agosto de 2020.- Con un llamado a&hellip;<\/p>\n","protected":false},"author":2,"featured_media":16448,"comment_status":"closed","ping_status":"open","sticky":false,"template":"","format":"standard","meta":{"_lmt_disableupdate":"","_lmt_disable":"","_jetpack_memberships_contains_paid_content":false,"footnotes":""},"categories":[109,46],"tags":[1930],"class_list":["post-16447","post","type-post","status-publish","format-standard","has-post-thumbnail","hentry","category-minuto-a-minuto","category-zona-blanca","tag-ley-antichatarra-tabasco"],"jetpack_featured_media_url":"https:\/\/zonaroja.com.mx\/wp-content\/uploads\/2020\/08\/FOTO-Congresistas-Horacio-Sosa-Magaly-Lopez-y-Othon-Cuevas.jpg","jetpack_sharing_enabled":true,"_links":{"self":[{"href":"https:\/\/zonaroja.com.mx\/index.php?rest_route=\/wp\/v2\/posts\/16447","targetHints":{"allow":["GET"]}}],"collection":[{"href":"https:\/\/zonaroja.com.mx\/index.php?rest_route=\/wp\/v2\/posts"}],"about":[{"href":"https:\/\/zonaroja.com.mx\/index.php?rest_route=\/wp\/v2\/types\/post"}],"author":[{"embeddable":true,"href":"https:\/\/zonaroja.com.mx\/index.php?rest_route=\/wp\/v2\/users\/2"}],"replies":[{"embeddable":true,"href":"https:\/\/zonaroja.com.mx\/index.php?rest_route=%2Fwp%2Fv2%2Fcomments&post=16447"}],"version-history":[{"count":1,"href":"https:\/\/zonaroja.com.mx\/index.php?rest_route=\/wp\/v2\/posts\/16447\/revisions"}],"predecessor-version":[{"id":16449,"href":"https:\/\/zonaroja.com.mx\/index.php?rest_route=\/wp\/v2\/posts\/16447\/revisions\/16449"}],"wp:featuredmedia":[{"embeddable":true,"href":"https:\/\/zonaroja.com.mx\/index.php?rest_route=\/wp\/v2\/media\/16448"}],"wp:attachment":[{"href":"https:\/\/zonaroja.com.mx\/index.php?rest_route=%2Fwp%2Fv2%2Fmedia&parent=16447"}],"wp:term":[{"taxonomy":"category","embeddable":true,"href":"https:\/\/zonaroja.com.mx\/index.php?rest_route=%2Fwp%2Fv2%2Fcategories&post=16447"},{"taxonomy":"post_tag","embeddable":true,"href":"https:\/\/zonaroja.com.mx\/index.php?rest_route=%2Fwp%2Fv2%2Ftags&post=16447"}],"curies":[{"name":"wp","href":"https:\/\/api.w.org\/{rel}","templated":true}]}}