{"id":1646,"date":"2019-06-16T10:00:45","date_gmt":"2019-06-16T15:00:45","guid":{"rendered":"http:\/\/www.zonaroja.com.mx\/?p=1646"},"modified":"2019-06-16T07:53:11","modified_gmt":"2019-06-16T12:53:11","slug":"es-oaxaca-septimo-lugar-nacional-por-desaparicion-de-personas","status":"publish","type":"post","link":"https:\/\/zonaroja.com.mx\/?p=1646","title":{"rendered":"Es Oaxaca s\u00e9ptimo lugar nacional por desaparici\u00f3n de personas"},"content":{"rendered":"\n<p>Redacci\u00f3n<\/p>\n\n\n\n<p>Oaxaca de\nJu\u00e1rez, Oax., a 16 de junio de 2019.- Oaxaca es el s\u00e9ptimo estado en la\nRep\u00fablica Mexicana con el mayor n\u00famero de personas desaparecidas, y con escasos\nresultados positivos en la b\u00fasqueda.<\/p>\n\n\n\n<p>De acuerdo\ncon el Registro Nacional de Personas Extraviadas o Desaparecidas, hasta abril\ndel 2018 \u2013las cifras m\u00e1s recientes&#8211;, Tamaulipas encabezaba la lista con seis\nmil 131 personas; le siguen Sinaloa con tres mil 42, Puebla con dos mil 73,\nCoahuila con mil 779, Veracruz con 731, Quer\u00e9taro 285 y Oaxaca con 227\npersonas.<\/p>\n\n\n\n<p>La Comisi\u00f3n\nNacional de Derechos Humanos inform\u00f3 que inici\u00f3 una jornada de b\u00fasqueda y\nacompa\u00f1amiento de familias y colectivos en Acompa\u00f1amos a familiares y\ncolectivos en Puebla, Tamaulipas, Veracruz, Coahuila, Oaxaca y Quer\u00e9taro,\nadem\u00e1s de brindar atenci\u00f3n psicol\u00f3gica y asesor\u00eda legal para exigir la no\nrepetici\u00f3n de hechos. <\/p>\n\n\n\n<p>En el caso\nde Oaxaca, de las 227 personas desaparecidas, 191 son del fuero com\u00fan y 36 del\nfederal.<\/p>\n\n\n\n<p>Explic\u00f3 que\nel colectivo \u201cRed de Madres Buscando a sus Hijos\u201d tuvo acompa\u00f1amiento en la\nciudad de Oaxaca, en las diligencias ministeriales de b\u00fasqueda realizadas en el\nCentro de Reinserci\u00f3n Social de Santa Mar\u00eda Ixcotel, y en el Servicio M\u00e9dico\nForense del Instituto de Servicios Periciales, dependiente de la Fiscal\u00eda\nGeneral del Estado. <\/p>\n\n\n\n<p>Asimismo, en\nel Hospital Psiqui\u00e1trico \u201cCruz del Sur\u201d de las Secretar\u00eda de Salud; no\nobstante, no hay resultados alentadores hasta ahora,<\/p>\n\n\n\n<p>En la ciudad\ny puerto de Veracruz se acompa\u00f1\u00f3 a integrantes del Colectivo \u201cEl Solecito de Veracruz\u201d\nen la b\u00fasqueda de fosas clandestinas en el predio \u201cRancho Dos Lagunas\u201d, en el fraccionamiento\nColinas de Santa Fe, \u201cdonde el \u00fanico apoyo con el que cont\u00f3 dicho colectivo fue\nel del personal de la CNDH y tres elementos de la Secretar\u00eda de Seguridad\nP\u00fablica del estado, a pesar de que en ese predio se tiene el registro de 155 fosas\ny 298 hallazgos\u201d.<\/p>\n\n\n\n<p>Mientras que\nen la Estaci\u00f3n Claudio, Municipio de Viesca, Coahuila, se apoy\u00f3 al colectivo\n\u201cB\u00fascame\u201d en las labores realizadas por la Fiscal\u00eda General de la Rep\u00fablica y\nla Fiscal\u00eda General de Justicia de esa entidad, que recuperaron diversos\nfragmentos \u00f3seos humanos.<\/p>\n\n\n\n<p>\u201cRefrendamos\nnuestro apoyo a organizaciones de la sociedad civil para hacer frente al\nflagelo de desaparici\u00f3n de personas, y para revisar actuaciones de las\nautoridades encargadas de investigar los casos, reforzar el acompa\u00f1amiento y\ndar seguimiento a procesos de identificaci\u00f3n, expuso Derechos Humanos en un\ncomunicado.<\/p>\n","protected":false},"excerpt":{"rendered":"<p>Redacci\u00f3n Oaxaca de Ju\u00e1rez, Oax., a 16 de junio de 2019.- Oaxaca es el s\u00e9ptimo&hellip;<\/p>\n","protected":false},"author":2,"featured_media":1647,"comment_status":"closed","ping_status":"open","sticky":false,"template":"","format":"standard","meta":{"_lmt_disableupdate":"","_lmt_disable":"","_jetpack_memberships_contains_paid_content":false,"footnotes":""},"categories":[109,51],"tags":[58],"class_list":["post-1646","post","type-post","status-publish","format-standard","has-post-thumbnail","hentry","category-minuto-a-minuto","category-zona-roja","tag-oaxaca"],"jetpack_featured_media_url":"https:\/\/zonaroja.com.mx\/wp-content\/uploads\/2019\/06\/b\u00fasqueda-de-personas.jpg","jetpack_sharing_enabled":true,"_links":{"self":[{"href":"https:\/\/zonaroja.com.mx\/index.php?rest_route=\/wp\/v2\/posts\/1646","targetHints":{"allow":["GET"]}}],"collection":[{"href":"https:\/\/zonaroja.com.mx\/index.php?rest_route=\/wp\/v2\/posts"}],"about":[{"href":"https:\/\/zonaroja.com.mx\/index.php?rest_route=\/wp\/v2\/types\/post"}],"author":[{"embeddable":true,"href":"https:\/\/zonaroja.com.mx\/index.php?rest_route=\/wp\/v2\/users\/2"}],"replies":[{"embeddable":true,"href":"https:\/\/zonaroja.com.mx\/index.php?rest_route=%2Fwp%2Fv2%2Fcomments&post=1646"}],"version-history":[{"count":1,"href":"https:\/\/zonaroja.com.mx\/index.php?rest_route=\/wp\/v2\/posts\/1646\/revisions"}],"predecessor-version":[{"id":1648,"href":"https:\/\/zonaroja.com.mx\/index.php?rest_route=\/wp\/v2\/posts\/1646\/revisions\/1648"}],"wp:featuredmedia":[{"embeddable":true,"href":"https:\/\/zonaroja.com.mx\/index.php?rest_route=\/wp\/v2\/media\/1647"}],"wp:attachment":[{"href":"https:\/\/zonaroja.com.mx\/index.php?rest_route=%2Fwp%2Fv2%2Fmedia&parent=1646"}],"wp:term":[{"taxonomy":"category","embeddable":true,"href":"https:\/\/zonaroja.com.mx\/index.php?rest_route=%2Fwp%2Fv2%2Fcategories&post=1646"},{"taxonomy":"post_tag","embeddable":true,"href":"https:\/\/zonaroja.com.mx\/index.php?rest_route=%2Fwp%2Fv2%2Ftags&post=1646"}],"curies":[{"name":"wp","href":"https:\/\/api.w.org\/{rel}","templated":true}]}}