{"id":16460,"date":"2020-08-18T21:47:50","date_gmt":"2020-08-19T02:47:50","guid":{"rendered":"http:\/\/www.zonaroja.com.mx\/?p=16460"},"modified":"2020-08-18T21:47:54","modified_gmt":"2020-08-19T02:47:54","slug":"repuntan-de-nuevo-casos-de-covid-en-oaxaca-hoy-158-positivos-y-18-decesos","status":"publish","type":"post","link":"https:\/\/zonaroja.com.mx\/?p=16460","title":{"rendered":"Repuntan de nuevo casos de Covid en Oaxaca; hoy 158 positivos y 18 decesos"},"content":{"rendered":"\n<p>Redacci\u00f3n\/Zona Roja.<\/p>\n\n\n\n<p>Oaxaca de Ju\u00e1rez, Oax. 18 de agosto de 2020.- Los Servicios de Salud de Oaxaca informaron que al corte epidemiol\u00f3gico de este martes 18 de agosto, se han notificado 158 casos nuevos a Covid-19, que suman 12 mil 557 acumulados en toda la entidad.<\/p>\n\n\n\n<p>La dependencia a\u00f1adi\u00f3 que se han notificado 18 mil 594 casos, de los cuales cinco mil 280 han sido negativos, hay 757 casos sospechosos en espera de resultados por laboratorio, 10 mil 786 se han recuperado y se han registrado 18 nuevas defunciones que suman mil 170.<\/p>\n\n\n\n<p>Sostuvo que la Jurisdicci\u00f3n Sanitaria n\u00famero uno Valles Centrales registra ocho mil 221 casos confirmados y 561 defunciones, Tuxtepec mil 581 y 231 defunciones, Istmo mil 301 y 219 defunciones, Mixteca 716 y 68 defunciones, Costa 529 y 57 defunciones, y la Sierra 209 y 34 defunciones.<\/p>\n\n\n\n<figure class=\"wp-block-embed-twitter wp-block-embed is-type-rich is-provider-twitter\"><div class=\"wp-block-embed__wrapper\">\n<div class=\"twitter-tweet\"><blockquote class=\"twitter-tweet\" data-lang=\"es\"><p lang=\"es\" dir=\"ltr\">El <a href=\"https:\/\/twitter.com\/hashtag\/COVID19?src=hash&amp;ref_src=twsrc%5Etfw\">#COVID19<\/a> contin\u00faa circulando en nuestro pa\u00eds, por eso es necesario que mantengamos las medidas de prevenci\u00f3n como el uso de <a href=\"https:\/\/twitter.com\/hashtag\/Cubrebocas?src=hash&amp;ref_src=twsrc%5Etfw\">#Cubrebocas<\/a>, el <a href=\"https:\/\/twitter.com\/hashtag\/LavadoDeManos?src=hash&amp;ref_src=twsrc%5Etfw\">#LavadoDeManos<\/a> frecuente y una <a href=\"https:\/\/twitter.com\/hashtag\/SanaDistancia?src=hash&amp;ref_src=twsrc%5Etfw\">#SanaDistancia<\/a>.<br>Al corte de hoy 18 de agosto, 57 municipios de <a href=\"https:\/\/twitter.com\/hashtag\/Oaxaca?src=hash&amp;ref_src=twsrc%5Etfw\">#Oaxaca<\/a> registraron nuevos casos positivos. <a href=\"https:\/\/t.co\/tGYyGd4hj5\">pic.twitter.com\/tGYyGd4hj5<\/a><\/p>&mdash; Servicios de Salud (@SSO_GobOax) <a href=\"https:\/\/twitter.com\/SSO_GobOax\/status\/1295893416061161472?ref_src=twsrc%5Etfw\">19 de agosto de 2020<\/a><\/blockquote><\/div>\n<\/div><\/figure>\n\n\n\n<p>Agreg\u00f3 que los 158 casos nuevos se registraron en 57 municipios, presentando Oaxaca de Ju\u00e1rez 25, Santa Cruz Xoxocotl\u00e1n 13, Huajuapan de Le\u00f3n 12, Villa de Zaachila 10, San Juan Bautista Tuxtepec, Ocotl\u00e1n de Morelos y Santa Mar\u00eda Tonameca cinco cada uno, el resto cuatro, tres dos y uno.<\/p>\n\n\n\n<p>De los 601 casos activos, la Jurisdicci\u00f3n Sanitaria uno Valles Centrales registra 425, Mixteca 47, Istmo 46, Costa 41, Tuxtepec 29 y Sierra 13.<\/p>\n\n\n\n<p>De las mil 170 defunciones, la poblaci\u00f3n de 50 a\u00f1os y m\u00e1s presenta 507; de 50 a 59 a\u00f1os 284 y de 60 a 64 a\u00f1os, 167. Las comorbilidades asociadas son la diabetes, hipertensi\u00f3n arterial, obesidad e insuficiencia renal. Por sexo, 770 son hombres y 400 mujeres.<\/p>\n\n\n\n<p>La ocupaci\u00f3n hospitalaria global en todo el sector es del 43%, los SSO registran 31.6%, HRAEO 82.1%, Hospital de la Ni\u00f1ez Oaxaque\u00f1a 42.9%, Sedena 49.5%, ISSSTE 50.8%, IMSS r\u00e9gimen ordinario 47.4%, IMSS Bienestar 27.6%, Pemex 25% y Semar 64.7%.<\/p>\n\n\n\n<p>Finalmente, record\u00f3 a la poblaci\u00f3n que se pueden comunicar a los tel\u00e9fonos 800 770 8437, 951 516 8242, 951 516 1220, y 951 297 5741, ante la presencia de s\u00edntomas de COVID-19, como fiebre, tos seca, dolor de garganta, cansancio, dolor de cabeza, p\u00e9rdida de olfato y gusto.<\/p>\n\n\n\n<p>\u201cContinuemos realizando las medidas de protecci\u00f3n como sana distancia, el lavado frecuente de manos y uso correcto de cubrebocas, y por la protecci\u00f3n de la poblaci\u00f3n vulnerable: qued\u00e9monos en casa\u201d.<\/p>\n","protected":false},"excerpt":{"rendered":"<p>Redacci\u00f3n\/Zona Roja. Oaxaca de Ju\u00e1rez, Oax. 18 de agosto de 2020.- Los Servicios de Salud&hellip;<\/p>\n","protected":false},"author":2,"featured_media":16461,"comment_status":"closed","ping_status":"open","sticky":false,"template":"","format":"standard","meta":{"_lmt_disableupdate":"","_lmt_disable":"","_jetpack_memberships_contains_paid_content":false,"footnotes":""},"categories":[109,47],"tags":[1512],"class_list":["post-16460","post","type-post","status-publish","format-standard","has-post-thumbnail","hentry","category-minuto-a-minuto","category-zona-gris","tag-coronavirus-oaxaca"],"jetpack_featured_media_url":"https:\/\/zonaroja.com.mx\/wp-content\/uploads\/2020\/08\/SSO-1-1-2.jpeg","jetpack_sharing_enabled":true,"_links":{"self":[{"href":"https:\/\/zonaroja.com.mx\/index.php?rest_route=\/wp\/v2\/posts\/16460","targetHints":{"allow":["GET"]}}],"collection":[{"href":"https:\/\/zonaroja.com.mx\/index.php?rest_route=\/wp\/v2\/posts"}],"about":[{"href":"https:\/\/zonaroja.com.mx\/index.php?rest_route=\/wp\/v2\/types\/post"}],"author":[{"embeddable":true,"href":"https:\/\/zonaroja.com.mx\/index.php?rest_route=\/wp\/v2\/users\/2"}],"replies":[{"embeddable":true,"href":"https:\/\/zonaroja.com.mx\/index.php?rest_route=%2Fwp%2Fv2%2Fcomments&post=16460"}],"version-history":[{"count":1,"href":"https:\/\/zonaroja.com.mx\/index.php?rest_route=\/wp\/v2\/posts\/16460\/revisions"}],"predecessor-version":[{"id":16462,"href":"https:\/\/zonaroja.com.mx\/index.php?rest_route=\/wp\/v2\/posts\/16460\/revisions\/16462"}],"wp:featuredmedia":[{"embeddable":true,"href":"https:\/\/zonaroja.com.mx\/index.php?rest_route=\/wp\/v2\/media\/16461"}],"wp:attachment":[{"href":"https:\/\/zonaroja.com.mx\/index.php?rest_route=%2Fwp%2Fv2%2Fmedia&parent=16460"}],"wp:term":[{"taxonomy":"category","embeddable":true,"href":"https:\/\/zonaroja.com.mx\/index.php?rest_route=%2Fwp%2Fv2%2Fcategories&post=16460"},{"taxonomy":"post_tag","embeddable":true,"href":"https:\/\/zonaroja.com.mx\/index.php?rest_route=%2Fwp%2Fv2%2Ftags&post=16460"}],"curies":[{"name":"wp","href":"https:\/\/api.w.org\/{rel}","templated":true}]}}