{"id":16466,"date":"2020-08-18T22:32:21","date_gmt":"2020-08-19T03:32:21","guid":{"rendered":"http:\/\/www.zonaroja.com.mx\/?p=16466"},"modified":"2020-08-18T22:32:25","modified_gmt":"2020-08-19T03:32:25","slug":"con-edil-de-matias-romero-suman-cuatro-presidentes-fallecidos-por-covid","status":"publish","type":"post","link":"https:\/\/zonaroja.com.mx\/?p=16466","title":{"rendered":"Con edil de Mat\u00edas Romero, suman cuatro presidentes fallecidos por Covid"},"content":{"rendered":"\n<p>Yuridiana Sosa\/Zona Roja.<\/p>\n\n\n\n<p>Oaxaca de Ju\u00e1rez, Oax., 18 de agosto de 2020.- Tras varios d\u00edas de lidiar con la enfermedad, el presidente municipal de Mat\u00edas Romero Avenda\u00f1o, Alfredo Ju\u00e1rez D\u00edaz, falleci\u00f3 este martes v\u00edctima de Covid-19.<\/p>\n\n\n\n<p>Con el deceso del edil de la regi\u00f3n del Istmo de Tehuantepec, suman cuatro los ediles de Oaxaca que mueren a causa del coronavirus; la noticia de esta \u00faltima defunci\u00f3n se confirm\u00f3 a trav\u00e9s de un mensaje en la cuenta de Twitter del gobernador Alejandro Murat, minutos antes de las 15:00 horas.<\/p>\n\n\n\n<p>\u201cMi m\u00e1s sentido p\u00e9same a los familiares y amigos de Alfredo Ju\u00e1rez D\u00edaz, quien fuera presidente municipal de Mat\u00edas Romero Avenda\u00f1o; que en paz descanse\u201d, public\u00f3.<\/p>\n\n\n\n<p>En el transcurso de la pandemia por Covid-19 en Oaxaca, tambi\u00e9n se registr\u00f3 la defunci\u00f3n del presidente municipal de Tamazul\u00e1pam del Esp\u00edritu Santo, en la zona Mixe, Artemio Ortiz Ric\u00e1rdez.<\/p>\n\n\n\n<p>Su muerte se registr\u00f3 el pasado 5 de agosto luego de permanecer hospitalizado por varios d\u00edas, primero desde el Hospital de Tamazul\u00e1pam, de los Servicios de Salud de Oaxaca, y posteriormente en el Hospital ISSSTE \u201cPresidente Ju\u00e1rez\u201d, en la capital del estado, donde se busc\u00f3 una atenci\u00f3n m\u00e1s especializada para tratar de salvarle la vida.<\/p>\n\n\n\n<p>El pasado 16 de julio perdi\u00f3 la vida el edil de San Juan Bautista Tuxtepec en la regi\u00f3n Cuenca, Fernando Bautista D\u00e1vila; permaneci\u00f3 un mes hospitalizado en una cl\u00ednica particular en la ciudad de Veracruz, del vecino estado.<\/p>\n\n\n\n<p>Florencio San Germ\u00e1n Santiago, edil de San Baltazar Chichicapan, perdi\u00f3 la batalla contra el coronavirus el 28 de junio. Por otra parte, tambi\u00e9n muri\u00f3 en este lapso el edil de Reyes, Etla, Javier Santiago Ruiz el d\u00eda 13 de ese mismo mes, aunque este \u00faltimo sus familiares desmintieron que haya sido por Covid.<\/p>\n\n\n\n<p>En tanto, el presidente de Santa Mar\u00eda Jacatepec, en la regi\u00f3n Cuenca, V\u00edctor Ra\u00fal Hern\u00e1ndez L\u00f3pez, anunci\u00f3 este 6 de agosto que fue diagnosticado con Covid-19, por lo que comenz\u00f3 con el proceso de aislamiento.<\/p>\n\n\n\n<p>En esa misma regi\u00f3n, tambi\u00e9n padeci\u00f3 la enfermedad el presidente de San Juan Bautista Valle Nacional, Reynaldo Maga\u00f1a y el edil de San Jos\u00e9 Chiltepec, Mart\u00edn Garc\u00eda, quienes posteriormente anunciaron sus recuperaciones.<\/p>\n\n\n\n<p>Adem\u00e1s, el edil de Huautla de Jim\u00e9nez, \u00d3scar Peralta Allende, tambi\u00e9n fue atendido por esta enfermedad luego del fallecimiento por Covid-19 del secretario municipal, Sergio Calvo Guerrero.<\/p>\n\n\n\n<p>La presidenta municipal de San Juan Bautista Cuicatl\u00e1n, Maricel Mariscal Gayt\u00e1n, tambi\u00e9n dio a conocer el pasado 9 de julio que dio positivo a la prueba de COVID-19; &nbsp;adem\u00e1s, el 3 de junio lo hizo el edil de Salina Cruz, Juan Carlos Atecas.<\/p>\n\n\n\n<p>A la lista se sum\u00f3 el presidente municipal de Santa Luc\u00eda del Camino, Oaxaca, Dante Monta\u00f1o Montero, quien lo anunci\u00f3 v\u00eda Twitter, en tanto que un regidor de esa demarcaci\u00f3n muri\u00f3 a causa del Covid.<\/p>\n","protected":false},"excerpt":{"rendered":"<p>Yuridiana Sosa\/Zona Roja. Oaxaca de Ju\u00e1rez, Oax., 18 de agosto de 2020.- Tras varios d\u00edas&hellip;<\/p>\n","protected":false},"author":2,"featured_media":16467,"comment_status":"closed","ping_status":"open","sticky":false,"template":"","format":"standard","meta":{"_lmt_disableupdate":"","_lmt_disable":"","_jetpack_memberships_contains_paid_content":false,"footnotes":""},"categories":[109,47],"tags":[1512],"class_list":["post-16466","post","type-post","status-publish","format-standard","has-post-thumbnail","hentry","category-minuto-a-minuto","category-zona-gris","tag-coronavirus-oaxaca"],"jetpack_featured_media_url":"https:\/\/zonaroja.com.mx\/wp-content\/uploads\/2020\/08\/Alfredo-Juarez-Diaz.jpg","jetpack_sharing_enabled":true,"_links":{"self":[{"href":"https:\/\/zonaroja.com.mx\/index.php?rest_route=\/wp\/v2\/posts\/16466","targetHints":{"allow":["GET"]}}],"collection":[{"href":"https:\/\/zonaroja.com.mx\/index.php?rest_route=\/wp\/v2\/posts"}],"about":[{"href":"https:\/\/zonaroja.com.mx\/index.php?rest_route=\/wp\/v2\/types\/post"}],"author":[{"embeddable":true,"href":"https:\/\/zonaroja.com.mx\/index.php?rest_route=\/wp\/v2\/users\/2"}],"replies":[{"embeddable":true,"href":"https:\/\/zonaroja.com.mx\/index.php?rest_route=%2Fwp%2Fv2%2Fcomments&post=16466"}],"version-history":[{"count":1,"href":"https:\/\/zonaroja.com.mx\/index.php?rest_route=\/wp\/v2\/posts\/16466\/revisions"}],"predecessor-version":[{"id":16468,"href":"https:\/\/zonaroja.com.mx\/index.php?rest_route=\/wp\/v2\/posts\/16466\/revisions\/16468"}],"wp:featuredmedia":[{"embeddable":true,"href":"https:\/\/zonaroja.com.mx\/index.php?rest_route=\/wp\/v2\/media\/16467"}],"wp:attachment":[{"href":"https:\/\/zonaroja.com.mx\/index.php?rest_route=%2Fwp%2Fv2%2Fmedia&parent=16466"}],"wp:term":[{"taxonomy":"category","embeddable":true,"href":"https:\/\/zonaroja.com.mx\/index.php?rest_route=%2Fwp%2Fv2%2Fcategories&post=16466"},{"taxonomy":"post_tag","embeddable":true,"href":"https:\/\/zonaroja.com.mx\/index.php?rest_route=%2Fwp%2Fv2%2Ftags&post=16466"}],"curies":[{"name":"wp","href":"https:\/\/api.w.org\/{rel}","templated":true}]}}