{"id":16469,"date":"2020-08-19T07:48:52","date_gmt":"2020-08-19T12:48:52","guid":{"rendered":"http:\/\/www.zonaroja.com.mx\/?p=16469"},"modified":"2020-08-19T07:48:55","modified_gmt":"2020-08-19T12:48:55","slug":"ejecutan-mutilan-y-tiran-dos-cadaveres-en-la-ciudad-de-tuxtepec","status":"publish","type":"post","link":"https:\/\/zonaroja.com.mx\/?p=16469","title":{"rendered":"Ejecutan, mutilan y tiran dos cad\u00e1veres en la ciudad de Tuxtepec"},"content":{"rendered":"\n<p>Redacci\u00f3n\/Zona Roja.<\/p>\n\n\n\n<p>Oaxaca de Ju\u00e1rez, Oax., 19 de agosto de 2020.- Los cuerpos de dos personas, torturados, mutilados y con huellas de tortura, fueron localizados la madrugada de hoy en la ciudad de San Juan Bautista Tuxtepec, en la regi\u00f3n Cuenca de Oaxaca.<\/p>\n\n\n\n<p>El hallazgo ocurri\u00f3 alrededor de las 04:15 horas, en la avenida Jes\u00fas Carranza esquina con Mutualismo, del centro; ten\u00edan adem\u00e1s una cartulina color naranja con mensajes amenazantes.<\/p>\n\n\n\n<p>Hasta el momento las v\u00edctimas no han sido identificadas y los cuerpos fueron levantados de inmediato por personal de la Vicefiscal\u00eda Regional de la Cuenca.<\/p>\n\n\n\n<p>Tambi\u00e9n en la regi\u00f3n de la Cuenca, apenas el domingo 16 de agosto, fueron hallados tambi\u00e9n dos cuerpos, con huellas de tortura, maniatados y vendados de los ojos, en Loma Bonita, zona lim\u00edtrofe con el estado de Veracruz.<\/p>\n","protected":false},"excerpt":{"rendered":"<p>Redacci\u00f3n\/Zona Roja. Oaxaca de Ju\u00e1rez, Oax., 19 de agosto de 2020.- Los cuerpos de dos&hellip;<\/p>\n","protected":false},"author":2,"featured_media":16470,"comment_status":"closed","ping_status":"open","sticky":false,"template":"","format":"standard","meta":{"_lmt_disableupdate":"","_lmt_disable":"","_jetpack_memberships_contains_paid_content":false,"footnotes":""},"categories":[109,51],"tags":[118],"class_list":["post-16469","post","type-post","status-publish","format-standard","has-post-thumbnail","hentry","category-minuto-a-minuto","category-zona-roja","tag-san-juan-bautista-tuxtepec"],"jetpack_featured_media_url":"https:\/\/zonaroja.com.mx\/wp-content\/uploads\/2020\/08\/Ejecutados-Tuxtepec.jpg","jetpack_sharing_enabled":true,"_links":{"self":[{"href":"https:\/\/zonaroja.com.mx\/index.php?rest_route=\/wp\/v2\/posts\/16469","targetHints":{"allow":["GET"]}}],"collection":[{"href":"https:\/\/zonaroja.com.mx\/index.php?rest_route=\/wp\/v2\/posts"}],"about":[{"href":"https:\/\/zonaroja.com.mx\/index.php?rest_route=\/wp\/v2\/types\/post"}],"author":[{"embeddable":true,"href":"https:\/\/zonaroja.com.mx\/index.php?rest_route=\/wp\/v2\/users\/2"}],"replies":[{"embeddable":true,"href":"https:\/\/zonaroja.com.mx\/index.php?rest_route=%2Fwp%2Fv2%2Fcomments&post=16469"}],"version-history":[{"count":1,"href":"https:\/\/zonaroja.com.mx\/index.php?rest_route=\/wp\/v2\/posts\/16469\/revisions"}],"predecessor-version":[{"id":16471,"href":"https:\/\/zonaroja.com.mx\/index.php?rest_route=\/wp\/v2\/posts\/16469\/revisions\/16471"}],"wp:featuredmedia":[{"embeddable":true,"href":"https:\/\/zonaroja.com.mx\/index.php?rest_route=\/wp\/v2\/media\/16470"}],"wp:attachment":[{"href":"https:\/\/zonaroja.com.mx\/index.php?rest_route=%2Fwp%2Fv2%2Fmedia&parent=16469"}],"wp:term":[{"taxonomy":"category","embeddable":true,"href":"https:\/\/zonaroja.com.mx\/index.php?rest_route=%2Fwp%2Fv2%2Fcategories&post=16469"},{"taxonomy":"post_tag","embeddable":true,"href":"https:\/\/zonaroja.com.mx\/index.php?rest_route=%2Fwp%2Fv2%2Ftags&post=16469"}],"curies":[{"name":"wp","href":"https:\/\/api.w.org\/{rel}","templated":true}]}}