{"id":16489,"date":"2020-08-19T16:18:43","date_gmt":"2020-08-19T21:18:43","guid":{"rendered":"https:\/\/www.zonaroja.com.mx\/?p=16489"},"modified":"2020-08-19T16:21:19","modified_gmt":"2020-08-19T21:21:19","slug":"16489","status":"publish","type":"post","link":"https:\/\/zonaroja.com.mx\/?p=16489","title":{"rendered":"Edil de Loma Bonita denuncia amenazas de muerte; dice que \u201cno se achica, ni doblega\u201d"},"content":{"rendered":"\n<p class=\"MsoNormal\">Redacci\u00f3n\/Zona Roja Oaxaca <\/p>\n\n\n\n<p class=\"MsoNormal\">Oaxaca de Ju\u00e1rez, Oax., 19 de agosto de 2020.- El presidente municipal de Loma Bonita, en la regi\u00f3n Cuenca, Raymundo Rivera Hern\u00e1ndez, dio a conocer que recibi\u00f3 amenazas de muerte \u2013presuntamente de un grupo delictivo-, por lo que mantiene seguridad personal, pero eso no limitar\u00e1 los trabajados de seguridad que se llevan a cabo en su municipio.<\/p>\n\n\n\n<p class=\"MsoNormal\">A trav\u00e9s de su cuenta personal de Facebook ofreci\u00f3 un mensaje la ma\u00f1ana de <a href=\"\/\/2\">este mi\u00e9rcoles<\/a> para aclarar y deslindarse de acusaciones en redes sociales que lo implican, junto con los elementos de la Guardia Nacional, en la desaparici\u00f3n forzada de personas en esa localidad.<\/p>\n\n\n\n<p class=\"MsoNormal\">\u201cTraigo escoltas que cuidan mi seguridad y la de mi familia, pero no por esto la ciudadan\u00eda piense que hacemos mal a nadie, simplemente es por mi seguridad, la que est\u00e1 de por medio, porque estoy amenazado de muerte\u201d, asegur\u00f3 el edil.<\/p>\n\n\n\n<p class=\"MsoNormal\">En un mensaje de aproximadamente seis minutos, el presidente habl\u00f3 sobre el control de la seguridad de la Polic\u00eda Estatal ante la depuraci\u00f3n en la corporaci\u00f3n municipal, el apoyo de la Guardia Nacional, as\u00ed como de hechos delictivos recientes.<\/p>\n\n\n\n<p class=\"MsoNormal\">Rivera Hern\u00e1ndez dijo que no hab\u00eda dicho sobre las amenazas trata de evitar \u201ccaer en el juego de los ma\u00f1osos, pero ya van dos ocasiones que me est\u00e1n cargando algo de lo que nosotros estamos totalmente ajenos\u201d.<\/p>\n\n\n\n<p class=\"MsoNormal\">Durante la madrugada de&nbsp;<a href=\"\/\/3\">este mi\u00e9rcoles<\/a>&nbsp;se difundi\u00f3 en una cuenta de Facebook el presunto \u201clevant\u00f3n\u201d de dos j\u00f3venes por parte de elementos de la Guardia Nacional que circulaban a bordo de la camioneta particular del presidente municipal.<\/p>\n\n\n\n<p class=\"MsoNormal\">As\u00ed como el fin de semana se registr\u00f3 el hallazgo de dos cuerpos ejecutados, con huellas de tortura, de lo que refiri\u00f3: \u201cHace unos d\u00edas que nos vinieron a tira unos cad\u00e1veres aqu\u00ed, quien sabe de d\u00f3nde, pero eso lo hacen para \u2018amiedarnos\u2019 (sic), para que nos espantemos con el petate del muerto y eso no va con nosotros\u201d.<\/p>\n\n\n\n<p class=\"MsoNormal\">El edil, que gan\u00f3 por la alianza entre el PRI-Panal-PVEM, dijo que como autoridad municipal hacen lo posible por resguardar la integridad de la poblaci\u00f3n, pero que con la ayuda de las corporaciones policiales.<\/p>\n\n\n\n<p class=\"MsoNormal\">\u201cEn Loma Bonita las cosas est\u00e1n bien, pero mientras sigamos apoyando a los ma\u00f1osos, que aqu\u00ed lo tenemos en loma, vamos a seguir sufriendo todos por esta situaci\u00f3n y ustedes saben qui\u00e9nes son y si no saben, en alg\u00fan momento les voy a decir nombres\u201d, advirti\u00f3.<\/p>\n\n\n\n<p class=\"MsoNormal\">Y a\u00f1adi\u00f3: \u201cPara que sepan que Raymundo Rivera no se achica, no se doblega contra ning\u00fan ma\u00f1oso que nos quiera venir a poner sus condiciones a Loma Bonita\u201d.&nbsp;<\/p>\n\n\n\n<p class=\"MsoNormal\">Las difamaciones, apunt\u00f3, podr\u00edan estar emitidas por actores pol\u00edticos y aspirantes a un cargo p\u00fablico por Loma Bonita, a quienes llam\u00f3 a conducirse sin el uso de esas estrategias para ganar la simpat\u00eda de la poblaci\u00f3n.&nbsp;<\/p>\n\n\n\n<p class=\"MsoNormal\">\u201cCiudadan\u00eda, est\u00e9n confiados en que nosotros estamos trabajando, la Guardia Nacional vino para cuidar la integridad de todos, igual que la Polic\u00eda Estatal, por eso est\u00e1 en la comandancia, porque era un nido de ma\u00f1osos las Polic\u00eda Municipal que ten\u00edamos\u201d, enfatiz\u00f3 en su mensaje.<\/p>\n","protected":false},"excerpt":{"rendered":"<p>Redacci\u00f3n\/Zona Roja Oaxaca Oaxaca de Ju\u00e1rez, Oax., 19 de agosto de 2020.- El presidente municipal&hellip;<\/p>\n","protected":false},"author":2,"featured_media":16488,"comment_status":"closed","ping_status":"open","sticky":false,"template":"","format":"standard","meta":{"_lmt_disableupdate":"","_lmt_disable":"","_jetpack_memberships_contains_paid_content":false,"footnotes":""},"categories":[109,47],"tags":[188],"class_list":["post-16489","post","type-post","status-publish","format-standard","has-post-thumbnail","hentry","category-minuto-a-minuto","category-zona-gris","tag-loma-bonita"],"jetpack_featured_media_url":"https:\/\/zonaroja.com.mx\/wp-content\/uploads\/2020\/08\/bb29a522-bfe1-4774-8ebf-3798bcc5a1e3.jpg","jetpack_sharing_enabled":true,"_links":{"self":[{"href":"https:\/\/zonaroja.com.mx\/index.php?rest_route=\/wp\/v2\/posts\/16489","targetHints":{"allow":["GET"]}}],"collection":[{"href":"https:\/\/zonaroja.com.mx\/index.php?rest_route=\/wp\/v2\/posts"}],"about":[{"href":"https:\/\/zonaroja.com.mx\/index.php?rest_route=\/wp\/v2\/types\/post"}],"author":[{"embeddable":true,"href":"https:\/\/zonaroja.com.mx\/index.php?rest_route=\/wp\/v2\/users\/2"}],"replies":[{"embeddable":true,"href":"https:\/\/zonaroja.com.mx\/index.php?rest_route=%2Fwp%2Fv2%2Fcomments&post=16489"}],"version-history":[{"count":2,"href":"https:\/\/zonaroja.com.mx\/index.php?rest_route=\/wp\/v2\/posts\/16489\/revisions"}],"predecessor-version":[{"id":16491,"href":"https:\/\/zonaroja.com.mx\/index.php?rest_route=\/wp\/v2\/posts\/16489\/revisions\/16491"}],"wp:featuredmedia":[{"embeddable":true,"href":"https:\/\/zonaroja.com.mx\/index.php?rest_route=\/wp\/v2\/media\/16488"}],"wp:attachment":[{"href":"https:\/\/zonaroja.com.mx\/index.php?rest_route=%2Fwp%2Fv2%2Fmedia&parent=16489"}],"wp:term":[{"taxonomy":"category","embeddable":true,"href":"https:\/\/zonaroja.com.mx\/index.php?rest_route=%2Fwp%2Fv2%2Fcategories&post=16489"},{"taxonomy":"post_tag","embeddable":true,"href":"https:\/\/zonaroja.com.mx\/index.php?rest_route=%2Fwp%2Fv2%2Ftags&post=16489"}],"curies":[{"name":"wp","href":"https:\/\/api.w.org\/{rel}","templated":true}]}}