{"id":1649,"date":"2019-06-16T15:34:57","date_gmt":"2019-06-16T20:34:57","guid":{"rendered":"http:\/\/www.zonaroja.com.mx\/?p=1649"},"modified":"2019-06-16T15:43:16","modified_gmt":"2019-06-16T20:43:16","slug":"la-guerraguetza-que-viene-betaza-tehuantepec-juchitan-tlacolula","status":"publish","type":"post","link":"https:\/\/zonaroja.com.mx\/?p=1649","title":{"rendered":"La \u201cGuerraguetza\u201d que viene: Betaza, Tehuantepec, Juchit\u00e1n, Tlacolula\u2026"},"content":{"rendered":"\n<p>Ismael\nGarc\u00eda<\/p>\n\n\n\n<p>Oaxaca de Ju\u00e1rez, Oax., a 16 de junio del 2019.- El t\u00e9rmino de \u201cGuerraguetza\u201d lo acu\u00f1\u00f3 la Secci\u00f3n 22 del SNTE en 2006, cuando intent\u00f3 frenar la tradicional fiesta de los Lunes del Cerro, tras el desalojo violento del Centro Hist\u00f3rico de Oaxaca capital.<\/p>\n\n\n\n<p>Y la palabra\npodr\u00eda aplicar este a\u00f1o, al surgir inconformidades de Juchit\u00e1n de Zaragoza,\nSanto Domingo Tehuantepec, Tlacolula de Matamoros y San Melchor Betaza, por\nhaber sido excluidos de las fiestas, que este a\u00f1o se efectuar\u00e1n el 22 y el 29\nde julio.<\/p>\n\n\n\n<p>Aunado a la\ncontroversia y descr\u00e9dito de la Guelaguetza, por el alto costo de los boletos\nque se subastaron v\u00eda internet hasta en 40 mil pesos, tras ponerse a la venta\nel 1 de junio pasado.<\/p>\n\n\n\n<p>Este viernes\n14, el Comit\u00e9 de Autenticidad dio a conocer el nombre de las 52 delegaciones\nque participar\u00e1n en las cuatro presentaciones de los Lunes del Cerro 2019.<\/p>\n\n\n\n<p>Seg\u00fan\ninform\u00f3 en conferencia de prensa, visit\u00f3 durante tres meses 72 municipios del\nestado de Oaxaca de los 83 aspirantes registrados; los 11 faltantes, decidieron\nno continuar participando o no cumplieron con algunos de los puntos de la\nconvocatoria. \u201cDichas visitas sirvieron para corregir detalles y realizar\nobservaciones; todas con la presencia y la aprobaci\u00f3n de sus autoridades\nmunicipales\u201d, se\u00f1al\u00f3.<\/p>\n\n\n\n<p>LAS QUEJAS<\/p>\n\n\n\n<p>Apenas se\ndio a conocer las listas y las quejas comenzaron a surgir y contin\u00faan este\ndomingo, con San Melchor Betaza, que emiti\u00f3 un comunicado, a trav\u00e9s del presidente\nMunicipal, On\u00e9simo Santiago V\u00e1squez, y el presidente de la Mesa Directiva\nbetace\u00f1os de Oaxaca, Efra\u00edn Solano Alin\u00e1rez:<\/p>\n\n\n\n<p>\u201cExcluirnos\nde la fiesta de los Lunes del Cerro es un mensaje racista del revendedor de\nboletos Juan Carlos Rivera y de la directora de Seculta (Adriana Aguilar), tan\ninseguros de s\u00ed mismos que necesitan demostrarnos que son superiores. Es\ntambi\u00e9n un mensaje de ignorancia y desprecio. <\/p>\n\n\n\n<p>\u201cLa pregunta\nes, \u00bfconocer\u00e1n y entender\u00e1n estos honorables personajes, desde la comodidad de\nsus mullidos sillones lo que es un tequio o un servicio de cargo gratuito? <\/p>\n\n\n\n<p>\u201c\u00bfHabr\u00e1n\ncaminado en alguna ocasi\u00f3n los valles y monta\u00f1as de nuestro estado para saber\ndel significado de las ceremonias sagradas en nuestros pueblos? <\/p>\n\n\n\n<p>\u201cY qu\u00e9 decir\ndel \u2018Comitecito de autenticidad\u2019 que con sus manitas sedosas y perfumadas\nllegan a nuestras comunidades levantando polvo en lujosas camionetas, seg\u00fan a\ncalificar las tradiciones y cultura de nuestros milenarios pueblos, \u00bfQui\u00e9n los\nautentifica a ellos? <\/p>\n\n\n\n<p>\u201cNo somos\npueblo sumiso, la Guelaguetza no es del gobierno y no nos van a excluir de\nnuestra fiesta. \u00a1No aceptamos su veto! Gobernador, usted se va pronto con sus\naprendices, nuestros pueblos persistir\u00e1n\u201d. <\/p>\n\n\n\n<figure class=\"wp-block-image\"><img decoding=\"async\" width=\"533\" height=\"400\" src=\"http:\/\/www.zonaroja.com.mx\/wp-content\/uploads\/2019\/06\/ab7632ac-6805-49f2-bcfb-d5a77943388e.jpg\" alt=\"\" class=\"wp-image-1651\" srcset=\"https:\/\/zonaroja.com.mx\/wp-content\/uploads\/2019\/06\/ab7632ac-6805-49f2-bcfb-d5a77943388e.jpg 533w, https:\/\/zonaroja.com.mx\/wp-content\/uploads\/2019\/06\/ab7632ac-6805-49f2-bcfb-d5a77943388e-300x225.jpg 300w\" sizes=\"(max-width: 533px) 100vw, 533px\" \/><figcaption>Foto: Especial<\/figcaption><\/figure>\n\n\n\n<p>TAMBI\u00c9N\nTLACOLULA<\/p>\n\n\n\n<p>Ayer, la\nautoridad de Tlacolula de Matamoros emiti\u00f3 un documento en el que la regidora\nde Turismo y Cultura, Violeta Zelmira Balseca Ram\u00edrez, se dirige a los\npobladores:<\/p>\n\n\n\n<p>\u201cHoy es un\nd\u00eda lamentable para el municipio, debido a la negativa en la participaci\u00f3n de\nla delegaci\u00f3n de Tlacolula al Lunes del Cerro, lo cual nos afecta tanto\ncultural como an\u00edmicamente. Este es el resultado de tener gente inepta \u2018colaborando\u2019\ndentro de nuestro municipio\u201d.<\/p>\n\n\n\n<p>Responsabiliz\u00f3\nal director de Cultura, Francisco Garc\u00eda Sosa, oriundo de Teotitl\u00e1n del Valle,\nporque esa fue la \u00fanica tarea que se le asign\u00f3 en el primer semestre del a\u00f1o y\nla cual respondi\u00f3 con un resultado deplorable; por ello, pidi\u00f3 la renuncia del\nfuncionario municipal.<\/p>\n\n\n\n<p>IGUAL EN EL\nISTMO<\/p>\n\n\n\n<p>Santo Domingo\nTehuantepec y Juchit\u00e1n de Zaragoza, dos municipios emblem\u00e1ticos de la zona\nistme\u00f1a, tampoco participar\u00e1n en la edici\u00f3n 2019 de la Guelaguetza; ambos, son\ngobernados por autoridades surgidas del Partido Movimiento de Regeneraci\u00f3n\nNacional.<\/p>\n\n\n\n<p>En un video\nque comparti\u00f3 en redes sociales, la presidenta municipal de Tehuantepec, Vilma\nMart\u00ednez Cort\u00e9s, dijo no compartir la determinaci\u00f3n del Comit\u00e9 de Autenticidad,\naunque expuso que no apelar\u00e1 la decisi\u00f3n.<\/p>\n\n\n\n<p>Juchit\u00e1n no\nha expresado su inconformidad de manera oficial pero a trav\u00e9s de su cuenta de\nTwitter, el diputado local por ese distrito, P\u00e1vel Mel\u00e9ndez asever\u00f3:<\/p>\n\n\n\n<p>\u201cLos\ntehuanos e istme\u00f1os lamentamos que la Comisi\u00f3n de Autenticidad de Seculta no\nhaya permitido a la delegaci\u00f3n de Santo Domingo Tehuantepec presentarse en la\nGuelaguetza. La capital cultural y espiritual del Istmo debe ser representada\nen las fiestas\u201d.<\/p>\n\n\n\n<p>El Comit\u00e9 de\nAutenticidad 2019 est\u00e1 integrado por V\u00edctor V\u00e1squez Labastida, Soledad D\u00edaz\nAltamirano, Jaime Mat\u00edas L\u00f3pez, Jorge Emilio P\u00e9rez Arias, Mar\u00eda Antonieta Casas\nFlori\u00e1n, Magdalena Rivera Luis, Donaj\u00ed Hern\u00e1ndez Garc\u00eda y Fernando Rosales\nGarc\u00eda.<\/p>\n\n\n\n<figure class=\"wp-block-image\"><img decoding=\"async\" width=\"1024\" height=\"682\" src=\"http:\/\/www.zonaroja.com.mx\/wp-content\/uploads\/2019\/06\/SECULTA-06-1024x682.jpg\" alt=\"\" class=\"wp-image-1652\" srcset=\"https:\/\/zonaroja.com.mx\/wp-content\/uploads\/2019\/06\/SECULTA-06-1024x682.jpg 1024w, https:\/\/zonaroja.com.mx\/wp-content\/uploads\/2019\/06\/SECULTA-06-300x200.jpg 300w, https:\/\/zonaroja.com.mx\/wp-content\/uploads\/2019\/06\/SECULTA-06-768x512.jpg 768w, https:\/\/zonaroja.com.mx\/wp-content\/uploads\/2019\/06\/SECULTA-06-1170x780.jpg 1170w, https:\/\/zonaroja.com.mx\/wp-content\/uploads\/2019\/06\/SECULTA-06-585x390.jpg 585w, https:\/\/zonaroja.com.mx\/wp-content\/uploads\/2019\/06\/SECULTA-06-263x175.jpg 263w, https:\/\/zonaroja.com.mx\/wp-content\/uploads\/2019\/06\/SECULTA-06.jpg 1280w\" sizes=\"(max-width: 1024px) 100vw, 1024px\" \/><\/figure>\n\n\n\n<p>\u00bfQUI\u00c9NES\nPARTICIPAR\u00c1N?<\/p>\n\n\n\n<p>22 de julio\nde 2019; Primer Lunes del Cerro, emisi\u00f3n matutina:<\/p>\n\n\n\n<p>Valles\nCentrales; con las Chinas Oaxaque\u00f1as, Convite y Jarabe del Valle; Istmo,\nChicapa de Castro con el Rapto y la Llevada del Ba\u00fal; Mixteca, Chalcatongo de\nHidalgo, Danza de Los Chulolos; Sierra Sur, Sola de Vega con Fiesta Solteca;\nCa\u00f1ada, Huautla de Jim\u00e9nez con La Mayordom\u00eda. Labrada de Cera y Sones\nMazatecos; Mixteca, Heroica Ciudad de Tlaxiaco con Sones y Jarabes de Tlaxiaco;\nSierra Norte, Santa Mar\u00eda Tlahuitoltepec con Sones Mixes; Valles Centrales,\nVilla de Zaachila con Danza de la Pluma; Costa, San Pedro Pochutla con Boda\nPochutleca; Papaloapan, San Juan Bautista Tuxtepec con Flor de Pi\u00f1a; Istmo, San\nPedro Comitancillo con Bajada de la Flor de la Monta\u00f1a en honor de San Pedro\nM\u00e1rtir; Valles Centrales, Ocotl\u00e1n de Morelos con Llevada del Guajolote; Sierra\nSur, Putla Villa de Guerrero con Carnaval Putleco, Sones y Chilenas.<\/p>\n\n\n\n<p>22 de julio\nde 2019; Primer Lunes del Cerro, emisi\u00f3n vespertina:<\/p>\n\n\n\n<p>Istmo, San\nBlas Atempa Homenaje al Compositor Blase\u00f1o Atilano Morales Jim\u00e9nez; Valles\nCentrales, Ejutla de Crespo con Jarabe Ejuteco; Sierra Norte, Santa Mar\u00eda\nTlahuitoltepec con Sones Mixes; Mixteca, San Sebasti\u00e1n Tecomaxtlahuaca con\nDanza de los Diablos; Papaloapan, San Felipe Usila con Jarabe Usile\u00f1o; Costa,\nSan Juan Lachao, Juquila con Entrega de Ropa, Guajolote, Sones y Chilenas;\nCa\u00f1ada, Huautla de Jim\u00e9nez con la Mayordom\u00eda, Labrada de Cera y Sones\nMazatecos; Papaloapan, San Juan Bautista Tuxtepec con Flor de Pi\u00f1a; Valles\nCentrales, San Bartolo Coyotepec con Danza de la Pluma; Sierra Sur, San\nFrancisco Sola con Jarabe de la Rosa y Chilenas; Istmo, San Pedro Huilotepec\ncon Xhiveu y labrada de Cera en honor a San Pedro Ap\u00f3stol; Costa, Santiago\nJamiltepec con Sones, Juegos y Chilenas; Valles Centrales, Chinas Oaxaque\u00f1as\ncon Convite y Jarabe del Valle.<\/p>\n\n\n\n<p>29 de julio\nde 2019; Segundo Lunes del Cerro, emisi\u00f3n matutina:<\/p>\n\n\n\n<p>Valles\nCentrales, Chinas Oaxaque\u00f1as con Convite y Jarabe del Valle; Valles Centrales,\nSan Vicente Coatl\u00e1n con Jarabe Chente\u00f1o; Papaloapan, San Juan Bautista Tuxtepec\ncon Flor de Pi\u00f1a; Mixteca, Santa Catarina Ticu\u00e1, Tlaxiaco con La Ofrenda;\nIstmo, San Francisco del Mar con Danza de los Negritos de Corpus Christi;\nSierra Norte, San Andr\u00e9s Solaga con Boda Solague\u00f1a; Ca\u00f1ada, Huautla de Jim\u00e9nez\ncon La Mayordom\u00eda. Labrada de Cera y Sones Mazatecos; Mixteca Heroica Ciudad de\nHuajuapan de Le\u00f3n con Jarabe Mixteco; Valles Centrales, Cuilapam de Guerrero\ncon Danza de la Pluma; Papaloapan, San Pedro Ixcatl\u00e1n con Na Puta Chi-Chi y La\nBorrachita; Istmo, El Espinal con Mayordom\u00eda en honor a San Juan Bautista;\nSierra Sur, San Carlos Yautepec con Fandango y Jarabe Carle\u00f1o; Costa, Santiago\nPinotepa Nacional con Sones, Juegos y Chilenas.<\/p>\n\n\n\n<p>29 de julio\nde 2019; Segundo Lunes del Cerro, emisi\u00f3n vespertina:<\/p>\n\n\n\n<p>Valles\nCentrales, Teotitl\u00e1n del Valle con Danza de la Pluma; Sierra Sur, Miahuatl\u00e1n de\nPorfirio D\u00edaz con Fandango Miahuatleco; Ca\u00f1ada, Huautla de Jim\u00e9nez con La\nMayordom\u00eda, Labrada de Cera y Sones Mazatecos; Papaloapan, Loma Bonita con\nFandango de Loma Bonita; Valles Centrales, San Andr\u00e9s Zautla con Danza de\nJardineros; Sierra Norte, San Andr\u00e9s Solaga con Boda Solague\u00f1a; Istmo, Asunci\u00f3n\nIxtaltepec con Labrada de Cera en honor a la Asunci\u00f3n de la Virgen Mar\u00eda;\nMixteca, Santiago Juxtlahuaca con Danza de los Rubios; Mixteca, Heroica Ciudad\nde Huajuapan de Le\u00f3n con Jarabe Mixteco; Papaloapan, San Juan Bautista\nTuxtepec; Flor de Pi\u00f1a; Istmo, Ciudad Ixtepec con Domingo de Boda; Costa,\nSantiago Llano Grande con Danza de los Diablos; Costa, Santa Mar\u00eda Huatulco con\nSones y Chilenas; Valles Centrales, Chinas Oaxaque\u00f1as con Convite y Jarabe del\nValle.<\/p>\n","protected":false},"excerpt":{"rendered":"<p>Ismael Garc\u00eda Oaxaca de Ju\u00e1rez, Oax., a 16 de junio del 2019.- El t\u00e9rmino de&hellip;<\/p>\n","protected":false},"author":2,"featured_media":1650,"comment_status":"closed","ping_status":"open","sticky":false,"template":"","format":"standard","meta":{"_lmt_disableupdate":"","_lmt_disable":"","_jetpack_memberships_contains_paid_content":false,"footnotes":""},"categories":[109,47],"tags":[123,58,126,125,127],"class_list":["post-1649","post","type-post","status-publish","format-standard","has-post-thumbnail","hentry","category-minuto-a-minuto","category-zona-gris","tag-juchitan-de-zaragoza","tag-oaxaca","tag-san-melchor-betaza","tag-santo-domingo-tehuantepec","tag-tlacolula-de-matamoros"],"jetpack_featured_media_url":"https:\/\/zonaroja.com.mx\/wp-content\/uploads\/2019\/06\/Betaza.jpg","jetpack_sharing_enabled":true,"_links":{"self":[{"href":"https:\/\/zonaroja.com.mx\/index.php?rest_route=\/wp\/v2\/posts\/1649","targetHints":{"allow":["GET"]}}],"collection":[{"href":"https:\/\/zonaroja.com.mx\/index.php?rest_route=\/wp\/v2\/posts"}],"about":[{"href":"https:\/\/zonaroja.com.mx\/index.php?rest_route=\/wp\/v2\/types\/post"}],"author":[{"embeddable":true,"href":"https:\/\/zonaroja.com.mx\/index.php?rest_route=\/wp\/v2\/users\/2"}],"replies":[{"embeddable":true,"href":"https:\/\/zonaroja.com.mx\/index.php?rest_route=%2Fwp%2Fv2%2Fcomments&post=1649"}],"version-history":[{"count":2,"href":"https:\/\/zonaroja.com.mx\/index.php?rest_route=\/wp\/v2\/posts\/1649\/revisions"}],"predecessor-version":[{"id":1654,"href":"https:\/\/zonaroja.com.mx\/index.php?rest_route=\/wp\/v2\/posts\/1649\/revisions\/1654"}],"wp:featuredmedia":[{"embeddable":true,"href":"https:\/\/zonaroja.com.mx\/index.php?rest_route=\/wp\/v2\/media\/1650"}],"wp:attachment":[{"href":"https:\/\/zonaroja.com.mx\/index.php?rest_route=%2Fwp%2Fv2%2Fmedia&parent=1649"}],"wp:term":[{"taxonomy":"category","embeddable":true,"href":"https:\/\/zonaroja.com.mx\/index.php?rest_route=%2Fwp%2Fv2%2Fcategories&post=1649"},{"taxonomy":"post_tag","embeddable":true,"href":"https:\/\/zonaroja.com.mx\/index.php?rest_route=%2Fwp%2Fv2%2Ftags&post=1649"}],"curies":[{"name":"wp","href":"https:\/\/api.w.org\/{rel}","templated":true}]}}