{"id":16500,"date":"2020-08-19T19:55:25","date_gmt":"2020-08-20T00:55:25","guid":{"rendered":"http:\/\/www.zonaroja.com.mx\/?p=16500"},"modified":"2020-08-19T19:55:28","modified_gmt":"2020-08-20T00:55:28","slug":"ante-inicio-de-clases-diputado-propone-utilizar-tambien-radios-comunitarias","status":"publish","type":"post","link":"https:\/\/zonaroja.com.mx\/?p=16500","title":{"rendered":"Ante inicio de clases, diputado propone utilizar tambi\u00e9n radios comunitarias"},"content":{"rendered":"\n<p>Yuridiana Sosa\/Zona Roja.<\/p>\n\n\n\n<p>Oaxaca de Ju\u00e1rez, Oax., 19 de agosto de 2020.- Como una alternativa para hacer llegar los contenidos acad\u00e9micos para el ciclo escolar 2020-2021 a las comunidades de Oaxaca de dif\u00edcil acceso a internet o televisi\u00f3n satelital, el diputado local Oth\u00f3n Cuevas C\u00f3rdova propuso un exhorto a la SEP para la inclusi\u00f3n de las radios comunitarias.<\/p>\n\n\n\n<p>El pr\u00f3ximo 24 de agosto comienza a nivel nacional el nuevo ciclo escolar bajo la modalidad a distancia o en l\u00ednea, con el apoyo de las televisoras nacionales que transmitir\u00e1n la programaci\u00f3n educativa establecida por la SEP; sin embargo, la entidad oaxaque\u00f1a presenta una desigualdad por su orograf\u00eda, se\u00f1al\u00f3 el diputado de Morena.<\/p>\n\n\n\n<p>Por ese motivo durante la sesi\u00f3n ordinaria de este mi\u00e9rcoles el legislador Oth\u00f3n Cuevas present\u00f3 su propuesta de obvia y urgente resoluci\u00f3n para llamar al titular de la Secretar\u00eda de Educaci\u00f3n P\u00fablica (SEP), Cuauht\u00e9moc Moctezuma, a incluir en su esquema de trabajo a las radios comunitarias e ind\u00edgenas y de esa forma fortalecer el plan a distancia.<\/p>\n\n\n\n<p>Sin embargo, al no estar pactado con anticipaci\u00f3n, esta proposici\u00f3n fue desechada para ser votada de inmediato, lo que origin\u00f3 la salida de Cuevas C\u00f3rdova de la sesi\u00f3n, al considerar de parte de sus compa\u00f1eros una falta de respeto al derecho de debatir las necesidades de la poblaci\u00f3n, sobre todo ante un tema trascendente en el pa\u00eds.<\/p>\n\n\n\n<figure class=\"wp-block-embed-twitter wp-block-embed is-type-rich is-provider-twitter\"><div class=\"wp-block-embed__wrapper\">\n<div class=\"twitter-tweet\"><blockquote class=\"twitter-tweet\" data-lang=\"es\"><p lang=\"es\" dir=\"ltr\"><a href=\"https:\/\/twitter.com\/hashtag\/%C3%9AltimoMinuto?src=hash&amp;ref_src=twsrc%5Etfw\">#\u00daltimoMinuto<\/a> <br>Debido a que no fue autorizada su propuesta de obvia y urgente resoluci\u00f3n el diputado <a href=\"https:\/\/twitter.com\/othoncuevas?ref_src=twsrc%5Etfw\">@othoncuevas<\/a> se sali\u00f3 de la sesi\u00f3n del <a href=\"https:\/\/twitter.com\/CongresoOaxLXIV?ref_src=twsrc%5Etfw\">@CongresoOaxLXIV<\/a> antes de concluir. <br>Propon\u00eda exhortar al gobierno federal se tome en cuenta a radios ind\u00edgenas en clases del ciclo escolar. <a href=\"https:\/\/t.co\/GODjX7aYxP\">pic.twitter.com\/GODjX7aYxP<\/a><\/p>&mdash; Zona Roja Oaxaca (@MexRoja) <a href=\"https:\/\/twitter.com\/MexRoja\/status\/1296179845664251911?ref_src=twsrc%5Etfw\">19 de agosto de 2020<\/a><\/blockquote><\/div>\n<\/div><\/figure>\n\n\n\n<p>\u201cEl Congreso es un lugar de debate, de argumentar, no una oficina; es una falta de respeto al pueblo, de hacer valer la voz del pueblo a trav\u00e9s de sus representantes populares. Por eso es un parlamento\u201d, expres\u00f3 el diputado al exterior de la sala de sesiones.<\/p>\n\n\n\n<p>Oth\u00f3n Cuevas dio a conocer que previo a la presentaci\u00f3n de esta propuesta, dialog\u00f3 con los representantes de las radios comunitarias e ind\u00edgenas sobre su disposici\u00f3n de prestar sus servicios a la ni\u00f1ez y juventud oaxaque\u00f1a para el nuevo ciclo escolar.<\/p>\n\n\n\n<p>En Oaxaca, dijo, existen 23 radios comunitarias de las 313 en el pa\u00eds que tienen se\u00f1al hasta esas poblaciones donde ni la televisi\u00f3n ha llegado.<\/p>\n\n\n\n<p>\u201cHay disposici\u00f3n de las comunidades; habl\u00e9 con gente de Radio Mar, de Ejutla Radio, de Tlaxiaco, Juxtlahuaca, Ocotl\u00e1n, de la misma capital, y est\u00e1n en la disponibilidad de poner al servicio de la comunidad sus equipos y concesiones\u201d, precis\u00f3.<\/p>\n\n\n\n<p>El diputado reiter\u00f3 a trav\u00e9s de los medios de comunicaci\u00f3n el llamado al gobierno federal para que esto sea posible y Oaxaca nuevamente pueda ser ejemplo en otros estados con las mismas complicaciones geogr\u00e1ficas, como Veracruz, Guerrero y Chiapas.<\/p>\n\n\n\n<p>\u201cNo es cuestionar el acuerdo, es enriquecerlo con el aporte de las comunidades que por a\u00f1os han trabajado con sus espacios radiof\u00f3nicos como un derecho consagrado\u201d, expres\u00f3.<\/p>\n","protected":false},"excerpt":{"rendered":"<p>Yuridiana Sosa\/Zona Roja. Oaxaca de Ju\u00e1rez, Oax., 19 de agosto de 2020.- Como una alternativa&hellip;<\/p>\n","protected":false},"author":2,"featured_media":16501,"comment_status":"closed","ping_status":"open","sticky":false,"template":"","format":"standard","meta":{"_lmt_disableupdate":"","_lmt_disable":"","_jetpack_memberships_contains_paid_content":false,"footnotes":""},"categories":[109,46],"tags":[1311],"class_list":["post-16500","post","type-post","status-publish","format-standard","has-post-thumbnail","hentry","category-minuto-a-minuto","category-zona-blanca","tag-othon-cuevas-cordova"],"jetpack_featured_media_url":"https:\/\/zonaroja.com.mx\/wp-content\/uploads\/2020\/08\/Othon-Cuevas.png","jetpack_sharing_enabled":true,"_links":{"self":[{"href":"https:\/\/zonaroja.com.mx\/index.php?rest_route=\/wp\/v2\/posts\/16500","targetHints":{"allow":["GET"]}}],"collection":[{"href":"https:\/\/zonaroja.com.mx\/index.php?rest_route=\/wp\/v2\/posts"}],"about":[{"href":"https:\/\/zonaroja.com.mx\/index.php?rest_route=\/wp\/v2\/types\/post"}],"author":[{"embeddable":true,"href":"https:\/\/zonaroja.com.mx\/index.php?rest_route=\/wp\/v2\/users\/2"}],"replies":[{"embeddable":true,"href":"https:\/\/zonaroja.com.mx\/index.php?rest_route=%2Fwp%2Fv2%2Fcomments&post=16500"}],"version-history":[{"count":1,"href":"https:\/\/zonaroja.com.mx\/index.php?rest_route=\/wp\/v2\/posts\/16500\/revisions"}],"predecessor-version":[{"id":16502,"href":"https:\/\/zonaroja.com.mx\/index.php?rest_route=\/wp\/v2\/posts\/16500\/revisions\/16502"}],"wp:featuredmedia":[{"embeddable":true,"href":"https:\/\/zonaroja.com.mx\/index.php?rest_route=\/wp\/v2\/media\/16501"}],"wp:attachment":[{"href":"https:\/\/zonaroja.com.mx\/index.php?rest_route=%2Fwp%2Fv2%2Fmedia&parent=16500"}],"wp:term":[{"taxonomy":"category","embeddable":true,"href":"https:\/\/zonaroja.com.mx\/index.php?rest_route=%2Fwp%2Fv2%2Fcategories&post=16500"},{"taxonomy":"post_tag","embeddable":true,"href":"https:\/\/zonaroja.com.mx\/index.php?rest_route=%2Fwp%2Fv2%2Ftags&post=16500"}],"curies":[{"name":"wp","href":"https:\/\/api.w.org\/{rel}","templated":true}]}}