{"id":16503,"date":"2020-08-19T20:55:57","date_gmt":"2020-08-20T01:55:57","guid":{"rendered":"http:\/\/www.zonaroja.com.mx\/?p=16503"},"modified":"2020-08-19T20:56:01","modified_gmt":"2020-08-20T01:56:01","slug":"vive-para-contarlo-despues-de-dos-meses-intubada-maria-del-rosario-vencio-al-covid","status":"publish","type":"post","link":"https:\/\/zonaroja.com.mx\/?p=16503","title":{"rendered":"Vive para contarlo: despu\u00e9s de dos meses intubada, Mar\u00eda del Rosario venci\u00f3 al Covid"},"content":{"rendered":"\n<p>Evlin Arag\u00f3n\/Zona Roja.<\/p>\n\n\n\n<p>Oaxaca de Ju\u00e1rez, Oax., 19 de agosto de 2020.- El pasado 30 de abril, la vida de Mar\u00eda del Rosario Euresti Garc\u00eda dio un cambio radical. Aquel jueves qued\u00f3 registrado en su memoria y la de su familia, ya que ingres\u00f3 con dificultades para respirar al Hospital General de Zona 1 \u201cDemetrio Mayoral Pardo\u201d, del Instituto Mexicano del Seguro Social (IMSS) en Oaxaca.&nbsp;<\/p>\n\n\n\n<p>D\u00edas antes, la enfermera de profesi\u00f3n hab\u00eda presentado fiebre, s\u00edntoma que le hizo pensar en un posible contagio de Covid-19, ya que previamente atendi\u00f3 a pacientes con esta enfermedad en un laboratorio particular, por lo que sin dudar acudi\u00f3 al servicio de urgencias del IMSS, donde le confirmaron su sospecha, dio positivo a la prueba del virus.&nbsp;<\/p>\n\n\n\n<p>\u201cPerd\u00ed la noci\u00f3n del tiempo en cuanto entr\u00e9, ya no supe cuantos d\u00edas pasaron, creo que dos o tres meses, cuando el doctor del IMSS me dijo que me ten\u00eda que intubar, mi pareja y yo dimos el consentimiento y luego de ah\u00ed pas\u00e9 casi dos meses intubada\u201d, relat\u00f3.<\/p>\n\n\n\n<p>As\u00ed fue como la vida le cambio a la mujer de 64 a\u00f1os de edad y madre de dos hijos, quien padeci\u00f3 la enfermedad que ha cobrado la vida de mil 193 personas en Oaxaca, y que en ella causo estragos importantes ya que estuvo postrada en una cama de hospital durante decenas de d\u00edas.<\/p>\n\n\n\n<p>\u201cCuando despert\u00e9, yo no pod\u00eda mover ni un solo dedo, para m\u00ed fue muy dif\u00edcil esta experiencia, porque yo soy muy activa, toda mi vida he trabajado y el no poder hacer nada, es inc\u00f3modo\u201d, indic\u00f3.&nbsp;<\/p>\n\n\n\n<p>Afortunadamente, su pronta atenci\u00f3n permiti\u00f3 recibir el tratamiento adecuado, sin embargo, reconoce la complejidad de la situaci\u00f3n por lo que exhort\u00f3 a las personas a cuidarse y tomar en serio las medidas sanitarias que han dispuesto las autoridades en todo el pa\u00eds.&nbsp;&nbsp;<\/p>\n\n\n\n<p>De igual forma, agradeci\u00f3 el empe\u00f1o de sus colegas enfermeras y el personal m\u00e9dico que han luchado junto con las y los enfermos para vencer a la enfermedad que lamentablemente ataca a la mayor parte del mundo en este momento.<\/p>\n\n\n\n<p>\u201cLa verdad muchos me felicitaron porque luch\u00e9 mucho para ganar esta batalla y lo \u00fanico que puedo decir es que gracias a Dios y a los doctores y enfermeras que pusieron todo su esfuerzo para que yo est\u00e9 aqu\u00ed viva y sana\u201d.<\/p>\n\n\n\n<p>Hace tan solo unos d\u00edas, Mar\u00eda del Rosario acudi\u00f3 al nosocomio, para el retiro de la c\u00e1nula de traqueotom\u00eda y hoy oficialmente es una de las pacientes recuperadas de la enfermedad, tras permanecer dos meses en situaci\u00f3n cr\u00edtica y con soporte ventilatorio, el cual le permiti\u00f3 superar esta crisis.&nbsp;<\/p>\n\n\n\n<p>De acuerdo con el director del nosocomio, Juan Pablo Matadamas Ortiz, la mujer que ingres\u00f3 a finales del mes abril, fue dada de alta el 19 de junio por mejor\u00eda cl\u00ednica, y actualmente se encuentra neurol\u00f3gicamente \u00edntegra, con signos vitales estables y saturaci\u00f3n de 95 por ciento en t\u00f3rax y abdomen sin complicaciones.<\/p>\n\n\n\n<p>Por lo anterior la mujer agradeci\u00f3 la atenci\u00f3n recibida, particularmente de sus colegas enfermeras que, con profunda vocaci\u00f3n, han luchado hasta al cansancio en la primera l\u00ednea de batalla de la pandemia que tom\u00f3 por sorpresa a la mayor parte de pa\u00edses del mundo.<\/p>\n\n\n\n<p>\u201cEstoy muy agradecida por la atenci\u00f3n que tuve en el IMSS, en especial con los m\u00e9dicos que me atendieron, a las enfermeras y recuerdo a \u2018To\u00f1ita\u2019, que me cuidaba y hasta me cantaba, y como yo soy enfermera, pues le dec\u00eda esta carrera es de vocaci\u00f3n y en el IMSS vi que muchas tienen esa vocaci\u00f3n\u201d, concluy\u00f3.<\/p>\n","protected":false},"excerpt":{"rendered":"<p>Evlin Arag\u00f3n\/Zona Roja. Oaxaca de Ju\u00e1rez, Oax., 19 de agosto de 2020.- El pasado 30&hellip;<\/p>\n","protected":false},"author":2,"featured_media":16504,"comment_status":"closed","ping_status":"open","sticky":false,"template":"","format":"standard","meta":{"_lmt_disableupdate":"","_lmt_disable":"","_jetpack_memberships_contains_paid_content":false,"footnotes":""},"categories":[109,46],"tags":[1934],"class_list":["post-16503","post","type-post","status-publish","format-standard","has-post-thumbnail","hentry","category-minuto-a-minuto","category-zona-blanca","tag-hospital-general-de-zona-imss-oaxaca"],"jetpack_featured_media_url":"https:\/\/zonaroja.com.mx\/wp-content\/uploads\/2020\/08\/Sana-Covid-IMSS.jpg","jetpack_sharing_enabled":true,"_links":{"self":[{"href":"https:\/\/zonaroja.com.mx\/index.php?rest_route=\/wp\/v2\/posts\/16503","targetHints":{"allow":["GET"]}}],"collection":[{"href":"https:\/\/zonaroja.com.mx\/index.php?rest_route=\/wp\/v2\/posts"}],"about":[{"href":"https:\/\/zonaroja.com.mx\/index.php?rest_route=\/wp\/v2\/types\/post"}],"author":[{"embeddable":true,"href":"https:\/\/zonaroja.com.mx\/index.php?rest_route=\/wp\/v2\/users\/2"}],"replies":[{"embeddable":true,"href":"https:\/\/zonaroja.com.mx\/index.php?rest_route=%2Fwp%2Fv2%2Fcomments&post=16503"}],"version-history":[{"count":1,"href":"https:\/\/zonaroja.com.mx\/index.php?rest_route=\/wp\/v2\/posts\/16503\/revisions"}],"predecessor-version":[{"id":16505,"href":"https:\/\/zonaroja.com.mx\/index.php?rest_route=\/wp\/v2\/posts\/16503\/revisions\/16505"}],"wp:featuredmedia":[{"embeddable":true,"href":"https:\/\/zonaroja.com.mx\/index.php?rest_route=\/wp\/v2\/media\/16504"}],"wp:attachment":[{"href":"https:\/\/zonaroja.com.mx\/index.php?rest_route=%2Fwp%2Fv2%2Fmedia&parent=16503"}],"wp:term":[{"taxonomy":"category","embeddable":true,"href":"https:\/\/zonaroja.com.mx\/index.php?rest_route=%2Fwp%2Fv2%2Fcategories&post=16503"},{"taxonomy":"post_tag","embeddable":true,"href":"https:\/\/zonaroja.com.mx\/index.php?rest_route=%2Fwp%2Fv2%2Ftags&post=16503"}],"curies":[{"name":"wp","href":"https:\/\/api.w.org\/{rel}","templated":true}]}}