{"id":16506,"date":"2020-08-19T21:18:31","date_gmt":"2020-08-20T02:18:31","guid":{"rendered":"http:\/\/www.zonaroja.com.mx\/?p=16506"},"modified":"2020-08-19T21:18:37","modified_gmt":"2020-08-20T02:18:37","slug":"congreso-de-oaxaca-revocara-mandato-a-concejales-que-desacaten-medidas-sanitarias","status":"publish","type":"post","link":"https:\/\/zonaroja.com.mx\/?p=16506","title":{"rendered":"Congreso de Oaxaca revocar\u00e1 mandato a concejales que desacaten medidas sanitarias"},"content":{"rendered":"\n<p>Redacci\u00f3n\/Zona Roja.<\/p>\n\n\n\n<p>Oaxaca de Ju\u00e1rez, Oax., 19 de agosto de 2020.- El incumplimiento a cualquier medida sanitaria ahora ser\u00e1 considerado una causal para la revocaci\u00f3n de mandato de uno o varios integrantes de un Cabildo, incluso, para proceder a la desaparici\u00f3n de ayuntamientos.<\/p>\n\n\n\n<p>Esta determinaci\u00f3n fue aprobada en sesi\u00f3n ordinaria de este mi\u00e9rcoles, al ser aprobada por el Congreso local una reforma en este sentido a la Ley Org\u00e1nica Municipal del Estado de Oaxaca.<\/p>\n\n\n\n<p>Se trata de la adici\u00f3n de fracciones a los art\u00edculos 44, 58, y 61 de la legislaci\u00f3n se\u00f1alada, a fin de que los ayuntamientos y sus funcionarios cumplan su gesti\u00f3n en apego a la protecci\u00f3n al derecho humano a la salud de sus habitantes. En caso contrario, se establece la eventual separaci\u00f3n al cargo de uno o varios integrantes de los Cabildos.<\/p>\n\n\n\n<p>La adici\u00f3n al Art\u00edculo 58, establece que la desaparici\u00f3n de poderes ser\u00eda viable tras poner en riesgo la vida, salud, dignidad o la violaci\u00f3n reiterada, por parte del ayuntamiento, a los derechos humanos y las garant\u00edas de sus habitantes, consignadas en la Constituci\u00f3n Pol\u00edtica de los Estados Unidos Mexicanos y en la Constituci\u00f3n local.<\/p>\n\n\n\n<figure class=\"wp-block-embed-twitter wp-block-embed is-type-rich is-provider-twitter\"><div class=\"wp-block-embed__wrapper\">\n<div class=\"twitter-tweet\"><blockquote class=\"twitter-tweet\" data-lang=\"es\"><p lang=\"es\" dir=\"ltr\">El pleno del <a href=\"https:\/\/twitter.com\/CongresoOaxLXIV?ref_src=twsrc%5Etfw\">@CongresoOaxLXIV<\/a> aprob\u00f3 hoy una iniciativa presentada por el diputado <a href=\"https:\/\/twitter.com\/cesarmoralesn?ref_src=twsrc%5Etfw\">@cesarmoralesn<\/a>, por el cual se considera causal de revocaci\u00f3n de mandato de concejales que incumplan las medidas sanitarias ante el Covid-19. <a href=\"https:\/\/t.co\/W0vbzAxRp5\">pic.twitter.com\/W0vbzAxRp5<\/a><\/p>&mdash; Zona Roja Oaxaca (@MexRoja) <a href=\"https:\/\/twitter.com\/MexRoja\/status\/1296240914827022336?ref_src=twsrc%5Etfw\">20 de agosto de 2020<\/a><\/blockquote><\/div>\n<\/div><\/figure>\n\n\n\n<p>Respecto a la adici\u00f3n al Art\u00edculo 61, los integrantes del cuerpo edilicio en cuyo actuar u omisi\u00f3n toleren y realicen conductas escudadas en sus facultades, contraviniendo con ello las disposiciones emitidas por las autoridades sanitarias, podr\u00eda ser causal suficiente para la revocaci\u00f3n de mandato.<\/p>\n\n\n\n<p>De esta manera, la representaci\u00f3n popular garantizar\u00e1 que los gobiernos municipales se ci\u00f1an a un esfuerzo coordinado con los niveles de gobierno federal y estatal, respecto a la protecci\u00f3n a la salud, los derechos humanos, la dignidad y la vida de su poblaci\u00f3n.<\/p>\n\n\n\n<p>La reforma impulsada por el diputado C\u00e9sar Enrique Morales Ni\u00f1o, resalta que en las condiciones de salud actuales, es imperativa la intervenci\u00f3n de los tres niveles de gobierno para implementar todas las estrategias y acciones necesarias para prevenir y, en su caso, controlar la propagaci\u00f3n de la pandemia provocada por la Covid-19. El inter\u00e9s es mitigar al m\u00e1ximo los estragos que pueda causar entre la poblaci\u00f3n oaxaque\u00f1a esta emergencia sanitaria nacional.<\/p>\n","protected":false},"excerpt":{"rendered":"<p>Redacci\u00f3n\/Zona Roja. Oaxaca de Ju\u00e1rez, Oax., 19 de agosto de 2020.- El incumplimiento a cualquier&hellip;<\/p>\n","protected":false},"author":2,"featured_media":16507,"comment_status":"closed","ping_status":"open","sticky":false,"template":"","format":"standard","meta":{"_lmt_disableupdate":"","_lmt_disable":"","_jetpack_memberships_contains_paid_content":false,"footnotes":""},"categories":[109,46],"tags":[213],"class_list":["post-16506","post","type-post","status-publish","format-standard","has-post-thumbnail","hentry","category-minuto-a-minuto","category-zona-blanca","tag-64-legislatura-de-oaxaca"],"jetpack_featured_media_url":"https:\/\/zonaroja.com.mx\/wp-content\/uploads\/2020\/08\/FOTO-2.2-Aprueba-LXIV-Legislatura-de-Oaxaca-reforma-para-revocacar-mandato-a-concejales-que-desacaten-medidas-sanitarias.jpeg","jetpack_sharing_enabled":true,"_links":{"self":[{"href":"https:\/\/zonaroja.com.mx\/index.php?rest_route=\/wp\/v2\/posts\/16506","targetHints":{"allow":["GET"]}}],"collection":[{"href":"https:\/\/zonaroja.com.mx\/index.php?rest_route=\/wp\/v2\/posts"}],"about":[{"href":"https:\/\/zonaroja.com.mx\/index.php?rest_route=\/wp\/v2\/types\/post"}],"author":[{"embeddable":true,"href":"https:\/\/zonaroja.com.mx\/index.php?rest_route=\/wp\/v2\/users\/2"}],"replies":[{"embeddable":true,"href":"https:\/\/zonaroja.com.mx\/index.php?rest_route=%2Fwp%2Fv2%2Fcomments&post=16506"}],"version-history":[{"count":1,"href":"https:\/\/zonaroja.com.mx\/index.php?rest_route=\/wp\/v2\/posts\/16506\/revisions"}],"predecessor-version":[{"id":16508,"href":"https:\/\/zonaroja.com.mx\/index.php?rest_route=\/wp\/v2\/posts\/16506\/revisions\/16508"}],"wp:featuredmedia":[{"embeddable":true,"href":"https:\/\/zonaroja.com.mx\/index.php?rest_route=\/wp\/v2\/media\/16507"}],"wp:attachment":[{"href":"https:\/\/zonaroja.com.mx\/index.php?rest_route=%2Fwp%2Fv2%2Fmedia&parent=16506"}],"wp:term":[{"taxonomy":"category","embeddable":true,"href":"https:\/\/zonaroja.com.mx\/index.php?rest_route=%2Fwp%2Fv2%2Fcategories&post=16506"},{"taxonomy":"post_tag","embeddable":true,"href":"https:\/\/zonaroja.com.mx\/index.php?rest_route=%2Fwp%2Fv2%2Ftags&post=16506"}],"curies":[{"name":"wp","href":"https:\/\/api.w.org\/{rel}","templated":true}]}}