{"id":16509,"date":"2020-08-19T21:42:32","date_gmt":"2020-08-20T02:42:32","guid":{"rendered":"http:\/\/www.zonaroja.com.mx\/?p=16509"},"modified":"2020-08-19T21:42:38","modified_gmt":"2020-08-20T02:42:38","slug":"de-35-ancianos-con-covid-en-asilo-tres-murieron-justifica-edil-falta-de-atencion","status":"publish","type":"post","link":"https:\/\/zonaroja.com.mx\/?p=16509","title":{"rendered":"De 35 ancianos con Covid en asilo, tres murieron; justifica edil falta de atenci\u00f3n"},"content":{"rendered":"\n<p>Redacci\u00f3n\/Zona Roja.<\/p>\n\n\n\n<p>Oaxaca de Ju\u00e1rez, Oax., a 19 de agosto de 2020.- Tres personas adultas mayores, de 35 infectadas por Covid-19 en la Casa Hogar Municipal de la ciudad de Oaxaca, perdieron la vida, confirm\u00f3 el ayuntamiento de la capital.<\/p>\n\n\n\n<p>Sin embargo, el presidente municipal Oswaldo Garc\u00eda Jarqu\u00edn, justific\u00f3 que fue por falta de atenci\u00f3n en el hospital a cargo de los Servicios de Salud de Oaxaca.<\/p>\n\n\n\n<p>\u201cQuiero decirles que, aunque la respuesta de la Secretar\u00eda de Salud fue buena, incluso del mismo secretario, no hubo una capacidad para poder atenderlos, esa es la raz\u00f3n, no nos lo quisieron recibir, por lo que tuvimos que darles un tratamiento ya interno\u201d, expuso, de acuerdo con un comunicado de prensa.<\/p>\n\n\n\n<p>Destac\u00f3 que servidores p\u00fablicos municipales enfocaron esfuerzos para dar atenci\u00f3n en la Casa Hogar Municipal a las personas contagiadas, lo que permiti\u00f3 salvar la vida de 28 personas.<\/p>\n\n\n\n<p>Tras m\u00e1s de dos semanas de no aparecer en actividades p\u00fablicas, el presidente municipal surgido del Partido Morena reapareci\u00f3 en una sesi\u00f3n virtual de Cabildo.<\/p>\n\n\n\n<p>Seg\u00fan el bolet\u00edn, \u201cexisten dos hip\u00f3tesis sobre el origen del brote en la Casa Hogar: la primera es que alg\u00fan colaborador del recinto haya sido asintom\u00e1tico y al tener contacto con los usuarios contagi\u00f3 a una persona y, la segunda, que hasta el momento es la m\u00e1s probable, es que haya iniciado luego de que un usuario fue llevado a un hospital donde pudo contraer el virus, pues d\u00edas despu\u00e9s dio positivo al coronavirus\u201d.<\/p>\n\n\n\n<p>El mun\u00edcipe capitalino hizo un llamado a la sociedad a no bajar la guardia ante la pandemia y poner especial atenci\u00f3n a los adultos mayores y a aquellos grupos de la poblaci\u00f3n considerados vulnerables.&nbsp;<\/p>\n\n\n\n<p>Sobre este tema &#8211;de acuerdo con el comunicado&#8211;, la regidora de Derechos Humanos e Igualdad de G\u00e9nero, Mirna L\u00f3pez Torres, se\u00f1al\u00f3 que el ayuntamiento de Oaxaca de Ju\u00e1rez ha actuado de manera responsable y cumplido, desde el primer momento, con todas las medidas sanitarias y protocolos para atender y proteger la salud de los asistentes de la Casa Hogar del Adulto Mayor a cargo del DIF Municipal.<\/p>\n","protected":false},"excerpt":{"rendered":"<p>Redacci\u00f3n\/Zona Roja. Oaxaca de Ju\u00e1rez, Oax., a 19 de agosto de 2020.- Tres personas adultas&hellip;<\/p>\n","protected":false},"author":2,"featured_media":16305,"comment_status":"closed","ping_status":"open","sticky":false,"template":"","format":"standard","meta":{"_lmt_disableupdate":"","_lmt_disable":"","_jetpack_memberships_contains_paid_content":false,"footnotes":""},"categories":[109,47],"tags":[115],"class_list":["post-16509","post","type-post","status-publish","format-standard","has-post-thumbnail","hentry","category-minuto-a-minuto","category-zona-gris","tag-oswaldo-garcia-jarquin"],"jetpack_featured_media_url":"https:\/\/zonaroja.com.mx\/wp-content\/uploads\/2020\/08\/Casa-Hogar-Adulto-Mayor.jpg","jetpack_sharing_enabled":true,"_links":{"self":[{"href":"https:\/\/zonaroja.com.mx\/index.php?rest_route=\/wp\/v2\/posts\/16509","targetHints":{"allow":["GET"]}}],"collection":[{"href":"https:\/\/zonaroja.com.mx\/index.php?rest_route=\/wp\/v2\/posts"}],"about":[{"href":"https:\/\/zonaroja.com.mx\/index.php?rest_route=\/wp\/v2\/types\/post"}],"author":[{"embeddable":true,"href":"https:\/\/zonaroja.com.mx\/index.php?rest_route=\/wp\/v2\/users\/2"}],"replies":[{"embeddable":true,"href":"https:\/\/zonaroja.com.mx\/index.php?rest_route=%2Fwp%2Fv2%2Fcomments&post=16509"}],"version-history":[{"count":1,"href":"https:\/\/zonaroja.com.mx\/index.php?rest_route=\/wp\/v2\/posts\/16509\/revisions"}],"predecessor-version":[{"id":16510,"href":"https:\/\/zonaroja.com.mx\/index.php?rest_route=\/wp\/v2\/posts\/16509\/revisions\/16510"}],"wp:featuredmedia":[{"embeddable":true,"href":"https:\/\/zonaroja.com.mx\/index.php?rest_route=\/wp\/v2\/media\/16305"}],"wp:attachment":[{"href":"https:\/\/zonaroja.com.mx\/index.php?rest_route=%2Fwp%2Fv2%2Fmedia&parent=16509"}],"wp:term":[{"taxonomy":"category","embeddable":true,"href":"https:\/\/zonaroja.com.mx\/index.php?rest_route=%2Fwp%2Fv2%2Fcategories&post=16509"},{"taxonomy":"post_tag","embeddable":true,"href":"https:\/\/zonaroja.com.mx\/index.php?rest_route=%2Fwp%2Fv2%2Ftags&post=16509"}],"curies":[{"name":"wp","href":"https:\/\/api.w.org\/{rel}","templated":true}]}}