{"id":16514,"date":"2020-08-19T22:08:17","date_gmt":"2020-08-20T03:08:17","guid":{"rendered":"http:\/\/www.zonaroja.com.mx\/?p=16514"},"modified":"2020-08-19T22:08:22","modified_gmt":"2020-08-20T03:08:22","slug":"muere-joven-en-rina-en-miahuatlan-identifican-a-ejecutados-en-tuxtepec","status":"publish","type":"post","link":"https:\/\/zonaroja.com.mx\/?p=16514","title":{"rendered":"Muere joven en ri\u00f1a en Miahuatl\u00e1n; identifican a ejecutados en Tuxtepec"},"content":{"rendered":"\n<p>Redacci\u00f3n\/Zona Roja. Foto: \u00abEl Pi\u00f1ero\u00bb<\/p>\n\n\n\n<p>Oaxaca de Ju\u00e1rez, Oax., 19 de agosto de 2020.- Un joven perdi\u00f3 la vida esta noche en Miahuatl\u00e1n de Porfirio D\u00edaz, municipio de la regi\u00f3n Sierra Sur de Oaxaca.<\/p>\n\n\n\n<p>De acuerdo con los primeros datos, se trat\u00f3 de una ri\u00f1a en un domicilio particular de la colonia 20 de Noviembre; al parecer el hoy occiso atacaba a su esposa, cuando fue agredido por otra persona. Fue llevado al hospital donde perdi\u00f3 la vida.<\/p>\n\n\n\n<p>Mientras tanto, en Santo Domingo Tehuantepec fue localizado hoy el cuerpo de una persona en estado de putrefacci\u00f3n; el hallazgo ocurri\u00f3 a un costado de la carretera federal 185, a la altura de la colonia San Pablo y seg\u00fan los primeros datos, respondi\u00f3 en vida al nombre de Marco Antonio M. D., de unos 38 a\u00f1os de edad.<\/p>\n\n\n\n<p>Por otra parte, como Alexander Calder\u00f3n V\u00e1zquez, de 27 a\u00f1os de edad, fue identificada una de las personas ejecutadas hoy en la madrugada en San Juan Bautista Tuxtepec; era trabajador de un motel y hab\u00eda desaparecido ayer por la tarde.<\/p>\n\n\n\n<p>El otro occiso fue identificado como Diego Carrasco, ex bombero y ex reportero de un medio informativo local en la regi\u00f3n de la Cuenca.<\/p>\n\n\n\n<p>Ambos fueron vistos con vida por \u00faltima vez ayer cuando circulaban en el bulevar Plan de Tuxtepec; hoy fueron localizados los cuerpos torturados y descuartizados, en la avenida Jes\u00fas Carranza esquina con Mutualismo, a dos cuadras del z\u00f3calo de la ciudad de Tuxtepec.<\/p>\n","protected":false},"excerpt":{"rendered":"<p>Redacci\u00f3n\/Zona Roja. Foto: \u00abEl Pi\u00f1ero\u00bb Oaxaca de Ju\u00e1rez, Oax., 19 de agosto de 2020.- Un&hellip;<\/p>\n","protected":false},"author":2,"featured_media":16515,"comment_status":"closed","ping_status":"open","sticky":false,"template":"","format":"standard","meta":{"_lmt_disableupdate":"","_lmt_disable":"","_jetpack_memberships_contains_paid_content":false,"footnotes":""},"categories":[109,51],"tags":[169],"class_list":["post-16514","post","type-post","status-publish","format-standard","has-post-thumbnail","hentry","category-minuto-a-minuto","category-zona-roja","tag-miahuatlan-de-porfirio-diaz"],"jetpack_featured_media_url":"https:\/\/zonaroja.com.mx\/wp-content\/uploads\/2020\/08\/Putrefacto-Tehuantepec.jpg","jetpack_sharing_enabled":true,"_links":{"self":[{"href":"https:\/\/zonaroja.com.mx\/index.php?rest_route=\/wp\/v2\/posts\/16514","targetHints":{"allow":["GET"]}}],"collection":[{"href":"https:\/\/zonaroja.com.mx\/index.php?rest_route=\/wp\/v2\/posts"}],"about":[{"href":"https:\/\/zonaroja.com.mx\/index.php?rest_route=\/wp\/v2\/types\/post"}],"author":[{"embeddable":true,"href":"https:\/\/zonaroja.com.mx\/index.php?rest_route=\/wp\/v2\/users\/2"}],"replies":[{"embeddable":true,"href":"https:\/\/zonaroja.com.mx\/index.php?rest_route=%2Fwp%2Fv2%2Fcomments&post=16514"}],"version-history":[{"count":1,"href":"https:\/\/zonaroja.com.mx\/index.php?rest_route=\/wp\/v2\/posts\/16514\/revisions"}],"predecessor-version":[{"id":16516,"href":"https:\/\/zonaroja.com.mx\/index.php?rest_route=\/wp\/v2\/posts\/16514\/revisions\/16516"}],"wp:featuredmedia":[{"embeddable":true,"href":"https:\/\/zonaroja.com.mx\/index.php?rest_route=\/wp\/v2\/media\/16515"}],"wp:attachment":[{"href":"https:\/\/zonaroja.com.mx\/index.php?rest_route=%2Fwp%2Fv2%2Fmedia&parent=16514"}],"wp:term":[{"taxonomy":"category","embeddable":true,"href":"https:\/\/zonaroja.com.mx\/index.php?rest_route=%2Fwp%2Fv2%2Fcategories&post=16514"},{"taxonomy":"post_tag","embeddable":true,"href":"https:\/\/zonaroja.com.mx\/index.php?rest_route=%2Fwp%2Fv2%2Ftags&post=16514"}],"curies":[{"name":"wp","href":"https:\/\/api.w.org\/{rel}","templated":true}]}}