{"id":16520,"date":"2020-08-20T08:08:20","date_gmt":"2020-08-20T13:08:20","guid":{"rendered":"http:\/\/www.zonaroja.com.mx\/?p=16520"},"modified":"2020-08-20T08:08:23","modified_gmt":"2020-08-20T13:08:23","slug":"congreso-de-oaxaca-va-por-tipificar-el-delito-de-ciberacoso-sexual-infantil","status":"publish","type":"post","link":"https:\/\/zonaroja.com.mx\/?p=16520","title":{"rendered":"Congreso de Oaxaca va por tipificar el delito de ciberacoso sexual infantil"},"content":{"rendered":"\n<p>Yuridiana Sosa\/Zona Roja.<\/p>\n\n\n\n<p>Oaxaca de Ju\u00e1rez, Oax., 20 de agosto de 2020.- Ante el incremento de casos, denunciados en redes sociales, durante la pandemia por Covid-19, este mi\u00e9rcoles se present\u00f3 ante la 64 legislatura del Congreso de Oaxaca una iniciativa para tipificar el delito de ciberacoso sexual infantil hasta con 12 a\u00f1os de prisi\u00f3n.<\/p>\n\n\n\n<p>El diputado por el PRI, Alejandro Avil\u00e9s \u00c1lvarez, present\u00f3 el proyecto de decreto con el que se busca adicionar el art\u00edculo 194 Bis al C\u00f3digo Penal del Estado de Oaxaca, en materia de ciberacoso sexual contra menores de edad.<\/p>\n\n\n\n<p>La propuesta fue respaldada por la mayor\u00eda de legisladores del Congreso de Oaxaca, por lo que fue turnada a comisiones para su an\u00e1lisis y procedimiento correspondiente para ser incluido el delito en el C\u00f3digo Penal de la entidad.<\/p>\n\n\n\n<p>Como sanci\u00f3n, se contempla una pena de seis a ocho a\u00f1os de prisi\u00f3n y de 600 a 800 d\u00edas multa, pero cuando la conducta derive en un encuentro o acercamiento, a fin de cometer cualquier acto que vaya en contra de la integridad f\u00edsica y sexual del menor, establecer\u00e1 una pena de nueve a 12 a\u00f1os de prisi\u00f3n y de 800 a dos mil 500 d\u00edas multa.<\/p>\n\n\n\n<p>Se establece que comete el delito de ciberacoso sexual quien, con fines lascivos y utilizando la coacci\u00f3n, intimidaci\u00f3n, inducci\u00f3n, seducci\u00f3n o enga\u00f1o, entable comunicaci\u00f3n a trav\u00e9s de cualquier tecnolog\u00eda de la informaci\u00f3n y comunicaci\u00f3n, con una persona menor de 18 a\u00f1os de edad o persona que no tiene capacidad para comprender el significado del hecho a\u00fan con su consentimiento, y le requiera im\u00e1genes, audio o video de actividades sexuales expl\u00edcitas, actos de connotaci\u00f3n sexual o le solicite un encuentro sexual.<\/p>\n\n\n\n<p>Durante su intervenci\u00f3n, el legislador del PRI expuso que en Oaxaca habitan un mill\u00f3n 187 mil 395 ni\u00f1os y ni\u00f1as de entre 0 a 14 a\u00f1os y que a partir del encierro domiciliario por la pandemia de Covid-19 los menores de edad han incrementado el uso de tecnolog\u00edas de la informaci\u00f3n.<\/p>\n\n\n\n<p>Adem\u00e1s, dijo que M\u00e9xico es el primer pa\u00eds productor de pornograf\u00eda infantil, as\u00ed como ocupa el primer lugar en abuso sexual infantil, violencia f\u00edsica, abuso sexual y homicidios en menores de 14 a\u00f1os.<\/p>\n","protected":false},"excerpt":{"rendered":"<p>Yuridiana Sosa\/Zona Roja. Oaxaca de Ju\u00e1rez, Oax., 20 de agosto de 2020.- Ante el incremento&hellip;<\/p>\n","protected":false},"author":2,"featured_media":16521,"comment_status":"closed","ping_status":"open","sticky":false,"template":"","format":"standard","meta":{"_lmt_disableupdate":"","_lmt_disable":"","_jetpack_memberships_contains_paid_content":false,"footnotes":""},"categories":[109,46],"tags":[316],"class_list":["post-16520","post","type-post","status-publish","format-standard","has-post-thumbnail","hentry","category-minuto-a-minuto","category-zona-blanca","tag-alejandro-aviles-alvarez"],"jetpack_featured_media_url":"https:\/\/zonaroja.com.mx\/wp-content\/uploads\/2020\/08\/Alejandro-Aviles-Alvarez.jpg","jetpack_sharing_enabled":true,"_links":{"self":[{"href":"https:\/\/zonaroja.com.mx\/index.php?rest_route=\/wp\/v2\/posts\/16520","targetHints":{"allow":["GET"]}}],"collection":[{"href":"https:\/\/zonaroja.com.mx\/index.php?rest_route=\/wp\/v2\/posts"}],"about":[{"href":"https:\/\/zonaroja.com.mx\/index.php?rest_route=\/wp\/v2\/types\/post"}],"author":[{"embeddable":true,"href":"https:\/\/zonaroja.com.mx\/index.php?rest_route=\/wp\/v2\/users\/2"}],"replies":[{"embeddable":true,"href":"https:\/\/zonaroja.com.mx\/index.php?rest_route=%2Fwp%2Fv2%2Fcomments&post=16520"}],"version-history":[{"count":1,"href":"https:\/\/zonaroja.com.mx\/index.php?rest_route=\/wp\/v2\/posts\/16520\/revisions"}],"predecessor-version":[{"id":16522,"href":"https:\/\/zonaroja.com.mx\/index.php?rest_route=\/wp\/v2\/posts\/16520\/revisions\/16522"}],"wp:featuredmedia":[{"embeddable":true,"href":"https:\/\/zonaroja.com.mx\/index.php?rest_route=\/wp\/v2\/media\/16521"}],"wp:attachment":[{"href":"https:\/\/zonaroja.com.mx\/index.php?rest_route=%2Fwp%2Fv2%2Fmedia&parent=16520"}],"wp:term":[{"taxonomy":"category","embeddable":true,"href":"https:\/\/zonaroja.com.mx\/index.php?rest_route=%2Fwp%2Fv2%2Fcategories&post=16520"},{"taxonomy":"post_tag","embeddable":true,"href":"https:\/\/zonaroja.com.mx\/index.php?rest_route=%2Fwp%2Fv2%2Ftags&post=16520"}],"curies":[{"name":"wp","href":"https:\/\/api.w.org\/{rel}","templated":true}]}}