{"id":16532,"date":"2020-08-20T10:59:32","date_gmt":"2020-08-20T15:59:32","guid":{"rendered":"http:\/\/www.zonaroja.com.mx\/?p=16532"},"modified":"2020-08-20T19:44:52","modified_gmt":"2020-08-21T00:44:52","slug":"de-nuevo-por-negligencias-en-cea-podrian-perderse-mas-recursos-federales-para-oaxaca","status":"publish","type":"post","link":"https:\/\/zonaroja.com.mx\/?p=16532","title":{"rendered":"De nuevo por negligencias en CEA, podr\u00edan perderse m\u00e1s recursos federales para Oaxaca"},"content":{"rendered":"\n<p class=\"MsoNormal\">Evlin Arag\u00f3n\/Zona Roja. <\/p>\n\n\n\n<p class=\"MsoNormal\">Oaxaca de Ju\u00e1rez, Oax., 20 de agosto de 2020.- \u201cEn nuestro estado, el grupo pol\u00edtico que detenta el poder aun no entiende que las cosas en el pa\u00eds han cambiado y sigue con pr\u00e1cticas como falta de transparencia y de rendici\u00f3n de cuentas\u201d.  <\/p>\n\n\n\n<p class=\"MsoNormal\">As\u00ed lo refiri\u00f3 el diputado local por el Partido del Trabajo, C\u00e9sar Morales Ni\u00f1o, quien insisti\u00f3 en solicitar al gobernador de Oaxaca, Alejandro Murat Hinojosa, la revisi\u00f3n de las dependencias que manejan recursos p\u00fablicos para obra p\u00fablica, con la intenci\u00f3n de detectar qu\u00e9 funcionarios han incurrido en actos de corrupci\u00f3n por omisi\u00f3n, a quienes pidi\u00f3 destituir.   <\/p>\n\n\n\n<p class=\"MsoNormal\">Record\u00f3 que la Comisi\u00f3n Estatal del Agua (CEA) perdi\u00f3 recursos por no haber cumplido con la normatividad, raz\u00f3n por la que fue la Comisi\u00f3n Nacional del Agua (Conagua) la que entr\u00f3 a su rescate para no perder el dinero, como qued\u00f3 establecido en un oficio que se hizo p\u00fablico de forma reciente. <\/p>\n\n\n\n<p class=\"MsoNormal\">Adem\u00e1s agreg\u00f3 que en caso de que el director de la CEA, H\u00e9ctor Pablo Ram\u00edrez Puga, no actu\u00e9 de forma responsable, podr\u00eda dejar sin recursos p\u00fablicos a la Secretar\u00eda de Pueblos Ind\u00edgenas y Afrodescendientes (Sepia) por casi 69 millones de pesos, y a los Servicios de Agua Potable y Alcantarillado de Oaxaca (SAPAO) otros 8.5 millones de pesos.<\/p>\n\n\n\n<p class=\"MsoNormal\"><div class=\"twitter-tweet\"><blockquote class=\"twitter-tweet\" data-lang=\"es\"><p lang=\"es\" dir=\"ltr\"><a href=\"https:\/\/twitter.com\/hashtag\/OaxacaGris?src=hash&amp;ref_src=twsrc%5Etfw\">#OaxacaGris<\/a><br>De nuevo, por probables negligencias administrativas en la <a href=\"https:\/\/twitter.com\/CEA_GobOax?ref_src=twsrc%5Etfw\">@CEA_GobOax<\/a>, est\u00e1n en riesgo de perderse m\u00e1s inversiones federales, ahora para <a href=\"https:\/\/twitter.com\/SEPIA_GobOax?ref_src=twsrc%5Etfw\">@SEPIA_GobOax<\/a> y <a href=\"https:\/\/twitter.com\/SAPAO_GobOax?ref_src=twsrc%5Etfw\">@SAPAO_GobOax<\/a>, denunci\u00f3 ayer en tribuna el legislador <a href=\"https:\/\/twitter.com\/cesarmoralesn?ref_src=twsrc%5Etfw\">@cesarmoralesn<\/a>. <a href=\"https:\/\/t.co\/CwnXqjNLpg\">pic.twitter.com\/CwnXqjNLpg<\/a><\/p>&mdash; Zona Roja Oaxaca (@MexRoja) <a href=\"https:\/\/twitter.com\/MexRoja\/status\/1296457323997728769?ref_src=twsrc%5Etfw\">20 de agosto de 2020<\/a><\/blockquote><\/div> <\/p>\n\n\n\n<p class=\"MsoNormal\">\u201cEn caso de existir subejercicio, debe haber sanciones; el subejercicio de gasto p\u00fablico es evidentemente un insulto y agravio a las grandes necesidades de nuestro estado. Es un recurso econ\u00f3mico destinado y etiquetada para proyectos y programas p\u00fablicos que tienen como objetivo erradicar la pobreza y la marginaci\u00f3n.<\/p>\n\n\n\n<p class=\"MsoNormal\">Record\u00f3 que tambi\u00e9n a dependencias adscritas a la Secretar\u00eda de las Infraestructuras que han contratado a empresas con irregularidades ante el SAT, o que han sido denominadas como \u201cfantasma\u201d, con la clara intenci\u00f3n de obtener beneficios particulares de unos cuantos, situaci\u00f3n que tambi\u00e9n debe ser sancionada como actos de corrupci\u00f3n.&nbsp;&nbsp;<\/p>\n\n\n\n<p class=\"MsoNormal\">Finalmente, asegur\u00f3 que mantendr\u00e1 las denuncias en torno a la corrupci\u00f3n, al interior del gobierno de Oaxaca, pese a las amenazas que ha recibido a trav\u00e9s de las redes sociales, ante las cuales dijo no tener miedo de ser investigado ya que es un representante popular expuesto al escrutinio p\u00fablico.   <\/p>\n\n\n\n<p class=\"MsoNormal\">As\u00ed mismo la exigencia de que la obra p\u00fablica sea asignada a las empresas locales, con la intenci\u00f3n de reactivar la econom\u00eda que vive una de sus m\u00e1s hondas crisis en los \u00faltimos a\u00f1os y pese a ello empresas for\u00e1neas se ven beneficiadas como sucedi\u00f3 al interior de la Secretar\u00eda del Medio Ambiente, Energ\u00edas y Desarrollo Sustentable (Semaedeso), que excluy\u00f3 a los constructores locales y se qued\u00f3 con la licitaci\u00f3n m\u00e1s cara proveniente desde Coahuila.  <\/p>\n","protected":false},"excerpt":{"rendered":"<p>Evlin Arag\u00f3n\/Zona Roja. Oaxaca de Ju\u00e1rez, Oax., 20 de agosto de 2020.- \u201cEn nuestro estado,&hellip;<\/p>\n","protected":false},"author":2,"featured_media":16533,"comment_status":"closed","ping_status":"open","sticky":false,"template":"","format":"standard","meta":{"_lmt_disableupdate":"","_lmt_disable":"","_jetpack_memberships_contains_paid_content":false,"footnotes":""},"categories":[109,47],"tags":[612],"class_list":["post-16532","post","type-post","status-publish","format-standard","has-post-thumbnail","hentry","category-minuto-a-minuto","category-zona-gris","tag-cesar-morales-nino"],"jetpack_featured_media_url":"https:\/\/zonaroja.com.mx\/wp-content\/uploads\/2020\/08\/Cesar-Morales-N.jpg","jetpack_sharing_enabled":true,"_links":{"self":[{"href":"https:\/\/zonaroja.com.mx\/index.php?rest_route=\/wp\/v2\/posts\/16532","targetHints":{"allow":["GET"]}}],"collection":[{"href":"https:\/\/zonaroja.com.mx\/index.php?rest_route=\/wp\/v2\/posts"}],"about":[{"href":"https:\/\/zonaroja.com.mx\/index.php?rest_route=\/wp\/v2\/types\/post"}],"author":[{"embeddable":true,"href":"https:\/\/zonaroja.com.mx\/index.php?rest_route=\/wp\/v2\/users\/2"}],"replies":[{"embeddable":true,"href":"https:\/\/zonaroja.com.mx\/index.php?rest_route=%2Fwp%2Fv2%2Fcomments&post=16532"}],"version-history":[{"count":3,"href":"https:\/\/zonaroja.com.mx\/index.php?rest_route=\/wp\/v2\/posts\/16532\/revisions"}],"predecessor-version":[{"id":16548,"href":"https:\/\/zonaroja.com.mx\/index.php?rest_route=\/wp\/v2\/posts\/16532\/revisions\/16548"}],"wp:featuredmedia":[{"embeddable":true,"href":"https:\/\/zonaroja.com.mx\/index.php?rest_route=\/wp\/v2\/media\/16533"}],"wp:attachment":[{"href":"https:\/\/zonaroja.com.mx\/index.php?rest_route=%2Fwp%2Fv2%2Fmedia&parent=16532"}],"wp:term":[{"taxonomy":"category","embeddable":true,"href":"https:\/\/zonaroja.com.mx\/index.php?rest_route=%2Fwp%2Fv2%2Fcategories&post=16532"},{"taxonomy":"post_tag","embeddable":true,"href":"https:\/\/zonaroja.com.mx\/index.php?rest_route=%2Fwp%2Fv2%2Ftags&post=16532"}],"curies":[{"name":"wp","href":"https:\/\/api.w.org\/{rel}","templated":true}]}}