{"id":16537,"date":"2020-08-20T13:54:33","date_gmt":"2020-08-20T18:54:33","guid":{"rendered":"https:\/\/www.zonaroja.com.mx\/?p=16537"},"modified":"2020-08-20T19:39:52","modified_gmt":"2020-08-21T00:39:52","slug":"pobladores-mantienen-retencion-de-funcionarios-de-tezoatlan-exigen-obras-y-recursos","status":"publish","type":"post","link":"https:\/\/zonaroja.com.mx\/?p=16537","title":{"rendered":"Pobladores mantienen retenci\u00f3n de funcionarios de Tezoatl\u00e1n; exigen obras y recursos"},"content":{"rendered":"\n<p class=\"MsoNormal\">Yuridiana Sosa\/Zona Roja.<\/p>\n\n\n\n<p class=\"MsoNormal\">Oaxaca de Ju\u00e1rez, Oax., 20 de agosto de 2020.- Habitantes de la agencia de San Juan Cuitito, del municipio de Tezoatl\u00e1n de Segura y Luna, en la regi\u00f3n Mixteca, \u201ctomaron\u201d el palacio municipal y retuvieron a integrantes del Cabildo, para exigir la entrega de los recursos p\u00fablico y obras de beneficio social.<\/p>\n\n\n\n<p class=\"MsoNormal\">La manifestaci\u00f3n comenz\u00f3 <a href=\"\/\/1\">este mi\u00e9rcoles por la ma\u00f1ana<\/a>, cuando los pobladores de la agencia encabezados por su autoridad auxiliar, arribaron al palacio municipal, primero se apoderaron del inmueble para exigir ser atendidos por la presidenta municipal, Alexa Cisneros Cruz.<\/p>\n\n\n\n<p class=\"MsoNormal\">Luego de varias horas de no obtener respuesta a su demanda, los inconformes decidieron retener al interior del inmueble a los funcionarios, como forma de presi\u00f3n para recibir el recurso del Ramo 28 y 33.<\/p>\n\n\n\n<p class=\"MsoNormal\">Entre los funcionarios retenidos desde <a href=\"\/\/2\">este mi\u00e9rcoles<\/a> se encuentran el S\u00edndico Municipal, Mois\u00e9s Castro Montesinos; el Regidor de Salud; el director de la Polic\u00eda Municipal, Alejandro Gonz\u00e1lez; el Alcalde Municipal, Jaime Rivera Aguilar, adem\u00e1s de un aproximado de 10 trabajadores de diferentes \u00e1reas del ayuntamiento.<\/p>\n\n\n\n<p class=\"MsoNormal\">Los pobladores tambi\u00e9n se inconformaron por el incumplimiento de una obra de pavimentaci\u00f3n, de la cual no se tiene conocimiento sobre su ejecuci\u00f3n. <\/p>\n\n\n\n<p class=\"MsoNormal\">Hasta el momento, la Secretar\u00eda General de Gobierno de Oaxaca (Segego) no ha emitido informaci\u00f3n sobre su intervenci\u00f3n para solucionar este problema. <\/p>\n\n\n\n<figure class=\"wp-block-embed-twitter wp-block-embed is-type-rich is-provider-twitter\"><div class=\"wp-block-embed__wrapper\">\n<div class=\"twitter-tweet\"><blockquote class=\"twitter-tweet\" data-lang=\"es\"><p lang=\"es\" dir=\"ltr\"><a href=\"https:\/\/twitter.com\/hashtag\/%C3%9AltimoMinuto?src=hash&amp;ref_src=twsrc%5Etfw\">#\u00daltimoMinuto<\/a> <br>Esta tarde quedaron en libertad concejales y trabajadores retenidos desde ayer en el palacio municipal de <a href=\"https:\/\/twitter.com\/hashtag\/Tezoatl%C3%A1n?src=hash&amp;ref_src=twsrc%5Etfw\">#Tezoatl\u00e1n<\/a> de Segura y Luna, <a href=\"https:\/\/twitter.com\/hashtag\/Oaxaca?src=hash&amp;ref_src=twsrc%5Etfw\">#Oaxaca<\/a>, abordar\u00e1n en mesa de di\u00e1logo las demandas. <br>Video: <a href=\"https:\/\/twitter.com\/Igavec_Noticias?ref_src=twsrc%5Etfw\">@Igavec_Noticias<\/a> <a href=\"https:\/\/t.co\/85QKjT2hQN\">pic.twitter.com\/85QKjT2hQN<\/a><\/p>&mdash; Zona Roja Oaxaca (@MexRoja) <a href=\"https:\/\/twitter.com\/MexRoja\/status\/1296592875527057410?ref_src=twsrc%5Etfw\">20 de agosto de 2020<\/a><\/blockquote><\/div>\n<\/div><\/figure>\n","protected":false},"excerpt":{"rendered":"<p>Yuridiana Sosa\/Zona Roja. Oaxaca de Ju\u00e1rez, Oax., 20 de agosto de 2020.- Habitantes de la&hellip;<\/p>\n","protected":false},"author":2,"featured_media":16536,"comment_status":"closed","ping_status":"open","sticky":false,"template":"","format":"standard","meta":{"_lmt_disableupdate":"","_lmt_disable":"","_jetpack_memberships_contains_paid_content":false,"footnotes":""},"categories":[109,47],"tags":[1936],"class_list":["post-16537","post","type-post","status-publish","format-standard","has-post-thumbnail","hentry","category-minuto-a-minuto","category-zona-gris","tag-tezoatlan-de-segura-y-luna"],"jetpack_featured_media_url":"https:\/\/zonaroja.com.mx\/wp-content\/uploads\/2020\/08\/872c67a8-43ac-4595-b99f-d159164e65cc.jpg","jetpack_sharing_enabled":true,"_links":{"self":[{"href":"https:\/\/zonaroja.com.mx\/index.php?rest_route=\/wp\/v2\/posts\/16537","targetHints":{"allow":["GET"]}}],"collection":[{"href":"https:\/\/zonaroja.com.mx\/index.php?rest_route=\/wp\/v2\/posts"}],"about":[{"href":"https:\/\/zonaroja.com.mx\/index.php?rest_route=\/wp\/v2\/types\/post"}],"author":[{"embeddable":true,"href":"https:\/\/zonaroja.com.mx\/index.php?rest_route=\/wp\/v2\/users\/2"}],"replies":[{"embeddable":true,"href":"https:\/\/zonaroja.com.mx\/index.php?rest_route=%2Fwp%2Fv2%2Fcomments&post=16537"}],"version-history":[{"count":2,"href":"https:\/\/zonaroja.com.mx\/index.php?rest_route=\/wp\/v2\/posts\/16537\/revisions"}],"predecessor-version":[{"id":16547,"href":"https:\/\/zonaroja.com.mx\/index.php?rest_route=\/wp\/v2\/posts\/16537\/revisions\/16547"}],"wp:featuredmedia":[{"embeddable":true,"href":"https:\/\/zonaroja.com.mx\/index.php?rest_route=\/wp\/v2\/media\/16536"}],"wp:attachment":[{"href":"https:\/\/zonaroja.com.mx\/index.php?rest_route=%2Fwp%2Fv2%2Fmedia&parent=16537"}],"wp:term":[{"taxonomy":"category","embeddable":true,"href":"https:\/\/zonaroja.com.mx\/index.php?rest_route=%2Fwp%2Fv2%2Fcategories&post=16537"},{"taxonomy":"post_tag","embeddable":true,"href":"https:\/\/zonaroja.com.mx\/index.php?rest_route=%2Fwp%2Fv2%2Ftags&post=16537"}],"curies":[{"name":"wp","href":"https:\/\/api.w.org\/{rel}","templated":true}]}}