{"id":16541,"date":"2020-08-20T17:55:20","date_gmt":"2020-08-20T22:55:20","guid":{"rendered":"https:\/\/www.zonaroja.com.mx\/?p=16541"},"modified":"2020-08-20T19:37:34","modified_gmt":"2020-08-21T00:37:34","slug":"busca-diputado-repatriacion-del-luchador-social-raul-gatica-bautista","status":"publish","type":"post","link":"https:\/\/zonaroja.com.mx\/?p=16541","title":{"rendered":"Busca diputado repatriaci\u00f3n del luchador social Ra\u00fal Gatica Bautista"},"content":{"rendered":"\n<p>Redacci\u00f3n\/Zona Roja.<\/p>\n\n\n\n<p class=\"MsoNormal\">Oaxaca de Ju\u00e1rez, Oax., 20 de agosto de 2020.- El presidente de la Junta de Coordinaci\u00f3n Pol\u00edtica (Jucopo), Horacio Sosa Villavicencio, present\u00f3 al Congreso local la proposici\u00f3n con punto de acuerdo, por la que se busca exhortar a las autoridades competentes a garantizar el retorno seguro, digno y voluntario del defensor de derechos humanos Ra\u00fal Gatica Bautista y dem\u00e1s personas exiliadas de Oaxaca por motivos pol\u00edticos.<\/p>\n\n\n\n<p class=\"MsoNormal\">Lo anterior a fin de garantizar el ejercicio libre y seguro de los y las luchadoras sociales en la entidad oaxaque\u00f1a.<\/p>\n\n\n\n<p class=\"MsoNormal\">La proposici\u00f3n legislativa demanda en espec\u00edfico,&nbsp; al titular de la Fiscal\u00eda General del Estado de Oaxaca, Rub\u00e9n Vasconcelos M\u00e9ndez,&nbsp; atraer las investigaciones sobre el activista y personas antes mencionadas, garantizando en todo momento el acceso a la justicia y la verdad.&nbsp;<\/p>\n\n\n\n<p class=\"MsoNormal\">El representante popular indic\u00f3 que en 2004, la Comisi\u00f3n Interamericana de Derechos Humanos (CIDH) otorg\u00f3 medidas cautelares a favor de Ra\u00fal Gatica, mismas que fueron negadas por el ex gobernador Ulises Ruiz Ortiz.\u00a0<\/p>\n\n\n\n<p class=\"MsoNormal\">Inform\u00f3 que actualmente, Ra\u00fal Gatica contin\u00faa en el exilio dado que a\u00fan no se han adoptado las medidas necesarias para garantizar su vida y su integridad personal,&nbsp; y tampoco se garantiza el ejercicio de su actividad como defensor de derechos humanos en el estado de Oaxaca.<\/p>\n\n\n\n<p class=\"MsoNormal\">\u201cM\u00e1s all\u00e1 de los m\u00e9ritos personales de Ra\u00fal Gatica, es obligaci\u00f3n del Estado establecer las garant\u00edas para el trabajo de las y los defensores de derechos humanos\u201d, expres\u00f3&nbsp; el diputado Horacio Sosa.&nbsp;<\/p>\n\n\n\n<p class=\"MsoNormal\">Reconoci\u00f3 la intensa lucha de Ra\u00fal Gatica por defender las pr\u00e1cticas tradicionales en la toma de decisiones comunitarias y las acciones para preservar los diversos ecosistemas de Oaxaca y evitar la siembra de plantas transg\u00e9nicas.<\/p>\n\n\n\n<p class=\"MsoNormal\">As\u00ed como la fundaci\u00f3n el 18 de noviembre de 1997, del Consejo Ind\u00edgena Popular de Oaxaca \u00abRicardo Flores Mag\u00f3n\u00bb (CIPO-RFM) como una alianza de organizaciones sociales de Oaxaca.<\/p>\n\n\n\n<p class=\"MsoNormal\">Sosa Villavicencio relat\u00f3 en la propuesta jur\u00eddica las violaciones a derechos humanos de las que fue v\u00edctima el luchador social, entre ellas que fue durante el gobierno de Diodoro Carrasco Altamirano, cuando de manera arbitraria se realiz\u00f3 la detenci\u00f3n\u00a0 de Ra\u00fal Gatica en conjunto con 70 integrantes de CIPO-RFM, siendo \u00fanicamente \u00e9l desaparecido y torturado en una c\u00e1rcel clandestina, dando as\u00ed inicio a una serie de agravios en su contra.<\/p>\n\n\n\n<p class=\"MsoNormal\">Detall\u00f3&nbsp; en el documento, que&nbsp;<a href=\"\/\/2\">el 15 de abril<\/a>del a\u00f1o 2000, ya en el gobierno de Jos\u00e9 Murat Casab, hubo un intento de asesinato contra Ra\u00fal Gatica y su hijo Inti, en su domicilio, hiri\u00e9ndolos con golpes resultando lesionados, y presentando 12 y 7 puntos en la cabeza, respectivamente.<\/p>\n\n\n\n<p class=\"MsoNormal\">A\u00f1adi\u00f3 el registro de un ataque m\u00e1s hacia el activista, el 14 de septiembre de 2004, en el gobierno de Jos\u00e9 Murat, elementos de la Agencia Federal de Investigaciones, uniformados y vestidos de civil desalojaron un plant\u00f3n de protesta frente al templo de Santo Domingo.<\/p>\n","protected":false},"excerpt":{"rendered":"<p>Redacci\u00f3n\/Zona Roja. Oaxaca de Ju\u00e1rez, Oax., 20 de agosto de 2020.- El presidente de la&hellip;<\/p>\n","protected":false},"author":2,"featured_media":16540,"comment_status":"closed","ping_status":"open","sticky":false,"template":"","format":"standard","meta":{"_lmt_disableupdate":"","_lmt_disable":"","_jetpack_memberships_contains_paid_content":false,"footnotes":""},"categories":[109,46],"tags":[444],"class_list":["post-16541","post","type-post","status-publish","format-standard","has-post-thumbnail","hentry","category-minuto-a-minuto","category-zona-blanca","tag-horacio-sosa-villavicencio"],"jetpack_featured_media_url":"https:\/\/zonaroja.com.mx\/wp-content\/uploads\/2020\/08\/a-trave\u0301s-de-un-exhorto-a-lafgeo-el-diputado-horacio-sosa-buscagarantizar-el-retorno-seguro-del-luchador-social.jpg","jetpack_sharing_enabled":true,"_links":{"self":[{"href":"https:\/\/zonaroja.com.mx\/index.php?rest_route=\/wp\/v2\/posts\/16541","targetHints":{"allow":["GET"]}}],"collection":[{"href":"https:\/\/zonaroja.com.mx\/index.php?rest_route=\/wp\/v2\/posts"}],"about":[{"href":"https:\/\/zonaroja.com.mx\/index.php?rest_route=\/wp\/v2\/types\/post"}],"author":[{"embeddable":true,"href":"https:\/\/zonaroja.com.mx\/index.php?rest_route=\/wp\/v2\/users\/2"}],"replies":[{"embeddable":true,"href":"https:\/\/zonaroja.com.mx\/index.php?rest_route=%2Fwp%2Fv2%2Fcomments&post=16541"}],"version-history":[{"count":2,"href":"https:\/\/zonaroja.com.mx\/index.php?rest_route=\/wp\/v2\/posts\/16541\/revisions"}],"predecessor-version":[{"id":16546,"href":"https:\/\/zonaroja.com.mx\/index.php?rest_route=\/wp\/v2\/posts\/16541\/revisions\/16546"}],"wp:featuredmedia":[{"embeddable":true,"href":"https:\/\/zonaroja.com.mx\/index.php?rest_route=\/wp\/v2\/media\/16540"}],"wp:attachment":[{"href":"https:\/\/zonaroja.com.mx\/index.php?rest_route=%2Fwp%2Fv2%2Fmedia&parent=16541"}],"wp:term":[{"taxonomy":"category","embeddable":true,"href":"https:\/\/zonaroja.com.mx\/index.php?rest_route=%2Fwp%2Fv2%2Fcategories&post=16541"},{"taxonomy":"post_tag","embeddable":true,"href":"https:\/\/zonaroja.com.mx\/index.php?rest_route=%2Fwp%2Fv2%2Ftags&post=16541"}],"curies":[{"name":"wp","href":"https:\/\/api.w.org\/{rel}","templated":true}]}}