{"id":16543,"date":"2020-08-20T19:10:10","date_gmt":"2020-08-21T00:10:10","guid":{"rendered":"http:\/\/www.zonaroja.com.mx\/?p=16543"},"modified":"2020-08-20T19:10:14","modified_gmt":"2020-08-21T00:10:14","slug":"buscan-a-joven-desaparecido-en-usila-temen-que-lo-haya-arrastrado-el-rio","status":"publish","type":"post","link":"https:\/\/zonaroja.com.mx\/?p=16543","title":{"rendered":"Buscan a joven desaparecido en Usila; temen que lo haya arrastrado el r\u00edo"},"content":{"rendered":"\n<p>Redacci\u00f3n\/Zona Roja.<\/p>\n\n\n\n<p>Oaxaca de Ju\u00e1rez, Oax., 20 de agosto de 2020.- Una persona de 24 a\u00f1os de edad se encuentra desaparecida desde hace dos d\u00edas en San Felipe Usila, regi\u00f3n de la Cuenca del Papaloapan, y temen que lo haya arrastrado la corriente de un r\u00edo.<\/p>\n\n\n\n<p>En un comunicado, el Gobierno del Estado, a trav\u00e9s de la Coordinaci\u00f3n Estatal de Protecci\u00f3n Civil de Oaxaca (CEPCO), activ\u00f3 sus protocolos de emergencia para apoyar la b\u00fasqueda.<\/p>\n\n\n\n<p>Indic\u00f3 que las autoridades municipales &#8211;como primer respondiente&#8211; iniciaron tareas de localizaci\u00f3n de Ernesto I. J., de 24 a\u00f1os de edad, quien sali\u00f3 de su domicilio el d\u00eda 18 de agosto.<\/p>\n\n\n\n<p>Al no ser localizado el ciudadano originario de San Felipe Usila, el presidente municipal, Filem\u00f3n Bernardo Hern\u00e1ndez, solicit\u00f3 el apoyo de la CEPCO, por lo que la delegaci\u00f3n Cuenca a cargo de Jaime Canseco Claudio, se moviliz\u00f3 este jueves para sumarse a los trabajos que se realizan.<\/p>\n\n\n\n<p>De acuerdo a las autoridades, el joven sali\u00f3 a las 8:30 horas de la ma\u00f1ana, para ir en b\u00fasqueda de le\u00f1a al otro lado del cerro en ese mismo municipio, y al no regresar a su domicilio, fue reportado como desaparecido por sus familiares.<\/p>\n\n\n\n<p>\u201cAl tener que cruzar el r\u00edo se teme que la corriente lo haya arrastrado, por ello la principal b\u00fasqueda se est\u00e1 realizando en el margen de este caudal que llega a la presa \u2018Miguel Alem\u00e1n\u2019; sin descartar otras zonas aleda\u00f1as al lugar\u201d, indic\u00f3 el edil.<\/p>\n\n\n\n<p>De no localizarse en las pr\u00f3ximas horas de este viernes y si se cuentan con las condiciones meteorol\u00f3gicas, el helic\u00f3ptero del Gobierno del Estado estar\u00eda ingresando para sobrevolar el margen del r\u00edo que atraviesa la zona.<\/p>\n","protected":false},"excerpt":{"rendered":"<p>Redacci\u00f3n\/Zona Roja. Oaxaca de Ju\u00e1rez, Oax., 20 de agosto de 2020.- Una persona de 24&hellip;<\/p>\n","protected":false},"author":2,"featured_media":16544,"comment_status":"closed","ping_status":"open","sticky":false,"template":"","format":"standard","meta":{"_lmt_disableupdate":"","_lmt_disable":"","_jetpack_memberships_contains_paid_content":false,"footnotes":""},"categories":[109,47],"tags":[1937],"class_list":["post-16543","post","type-post","status-publish","format-standard","has-post-thumbnail","hentry","category-minuto-a-minuto","category-zona-gris","tag-san-felipe-usila"],"jetpack_featured_media_url":"https:\/\/zonaroja.com.mx\/wp-content\/uploads\/2020\/08\/Busqueda-desaparecido-Usila.jpg","jetpack_sharing_enabled":true,"_links":{"self":[{"href":"https:\/\/zonaroja.com.mx\/index.php?rest_route=\/wp\/v2\/posts\/16543","targetHints":{"allow":["GET"]}}],"collection":[{"href":"https:\/\/zonaroja.com.mx\/index.php?rest_route=\/wp\/v2\/posts"}],"about":[{"href":"https:\/\/zonaroja.com.mx\/index.php?rest_route=\/wp\/v2\/types\/post"}],"author":[{"embeddable":true,"href":"https:\/\/zonaroja.com.mx\/index.php?rest_route=\/wp\/v2\/users\/2"}],"replies":[{"embeddable":true,"href":"https:\/\/zonaroja.com.mx\/index.php?rest_route=%2Fwp%2Fv2%2Fcomments&post=16543"}],"version-history":[{"count":1,"href":"https:\/\/zonaroja.com.mx\/index.php?rest_route=\/wp\/v2\/posts\/16543\/revisions"}],"predecessor-version":[{"id":16545,"href":"https:\/\/zonaroja.com.mx\/index.php?rest_route=\/wp\/v2\/posts\/16543\/revisions\/16545"}],"wp:featuredmedia":[{"embeddable":true,"href":"https:\/\/zonaroja.com.mx\/index.php?rest_route=\/wp\/v2\/media\/16544"}],"wp:attachment":[{"href":"https:\/\/zonaroja.com.mx\/index.php?rest_route=%2Fwp%2Fv2%2Fmedia&parent=16543"}],"wp:term":[{"taxonomy":"category","embeddable":true,"href":"https:\/\/zonaroja.com.mx\/index.php?rest_route=%2Fwp%2Fv2%2Fcategories&post=16543"},{"taxonomy":"post_tag","embeddable":true,"href":"https:\/\/zonaroja.com.mx\/index.php?rest_route=%2Fwp%2Fv2%2Ftags&post=16543"}],"curies":[{"name":"wp","href":"https:\/\/api.w.org\/{rel}","templated":true}]}}