{"id":1655,"date":"2019-06-16T17:22:45","date_gmt":"2019-06-16T22:22:45","guid":{"rendered":"http:\/\/www.zonaroja.com.mx\/?p=1655"},"modified":"2019-06-16T17:22:47","modified_gmt":"2019-06-16T22:22:47","slug":"en-vispera-de-conmemoracion-surge-confrontacion-en-nochixtlan","status":"publish","type":"post","link":"https:\/\/zonaroja.com.mx\/?p=1655","title":{"rendered":"En v\u00edspera de conmemoraci\u00f3n, surge confrontaci\u00f3n en Nochixtl\u00e1n"},"content":{"rendered":"\n<p>Ismael\nGarc\u00eda<\/p>\n\n\n\n<p>Oaxaca de\nJu\u00e1rez, Oax., 16 de junio de 2019.- A tres d\u00edas de conmemorar el tercer\naniversario del enfrentamiento en Asunci\u00f3n Nochixtl\u00e1n, v\u00edctimas de esos hechos\nocurridos el 19 de junio de 2016, acusaron al Frente Popular Revolucionario\n(FPR) de agresi\u00f3n en la colonia 20 de Noviembre.<\/p>\n\n\n\n<p>Alejandro\nP\u00e9rez Silva, esposo de la se\u00f1ora Juana Antonio L\u00f3pez, y Jos\u00e9 Luis Cruz Aquino,\nrepresentante de los sobrevivientes de la confrontaci\u00f3n con polic\u00edas federales\ny estatales, denunciaron que esa organizaci\u00f3n social intenta desalojar de un\npredio a la se\u00f1ora Juana.<\/p>\n\n\n\n<p>Lo anterior pese\na que el 19 de junio de 2016, fue ella quien puso a salvo a ni\u00f1as y ni\u00f1os de la\nagresi\u00f3n de la Polic\u00eda Federal, \u201cadem\u00e1s hay otras v\u00edctimas de esa agresi\u00f3n que\ntambi\u00e9n sufren hostigamiento por parte del FPR por reclamar sus derechos\u201d,\nse\u00f1al\u00f3 el Centro de Derechos Humanos y Asesor\u00eda a Pueblos Ind\u00edgenas.<\/p>\n\n\n\n<p>En un\ncomunicado, inform\u00f3 que este s\u00e1bado, la se\u00f1ora Juana Antonio L\u00f3pez se\nencontraba observando y fotografiando da\u00f1os que personas extra\u00f1as realizaron a\nlos postes que marcan los l\u00edmites de la propiedad del se\u00f1or Clemente P\u00e9rez\nCh\u00e1vez, cuando un grupo de personas miembros del FPR lleg\u00f3 a agredirla f\u00edsica y\nverbalmente.<\/p>\n\n\n\n<p>\u201cPinche\nvieja puta, bola de mierda, l\u00e1rgate de aqu\u00ed\u201d, asegura que le gritaron e\ninmediatamente despu\u00e9s la golpearon y ara\u00f1aron en diferentes partes del cuerpo,\nincluso le rompieron el pantal\u00f3n que llevaba, adem\u00e1s de arrebatarle su tel\u00e9fono\ncelular.<\/p>\n\n\n\n<figure class=\"wp-block-image\"><img decoding=\"async\" width=\"768\" height=\"1024\" src=\"http:\/\/www.zonaroja.com.mx\/wp-content\/uploads\/2019\/06\/Nochixtl\u00e1n-y-FPR-1-768x1024.jpeg\" alt=\"\" class=\"wp-image-1657\" srcset=\"https:\/\/zonaroja.com.mx\/wp-content\/uploads\/2019\/06\/Nochixtl\u00e1n-y-FPR-1-768x1024.jpeg 768w, https:\/\/zonaroja.com.mx\/wp-content\/uploads\/2019\/06\/Nochixtl\u00e1n-y-FPR-1-225x300.jpeg 225w, https:\/\/zonaroja.com.mx\/wp-content\/uploads\/2019\/06\/Nochixtl\u00e1n-y-FPR-1-585x780.jpeg 585w, https:\/\/zonaroja.com.mx\/wp-content\/uploads\/2019\/06\/Nochixtl\u00e1n-y-FPR-1.jpeg 960w\" sizes=\"(max-width: 768px) 100vw, 768px\" \/><figcaption>Foto: Especial<\/figcaption><\/figure>\n\n\n\n<p>\u201cElla lucho\npara zafarse de los agresores y cuando lo logr\u00f3, corri\u00f3 hacia su domicilio, y\nposteriormente acudi\u00f3 a las oficinas regionales de la Fiscal\u00eda General para\ndenunciar lo ocurrido\u201d.&nbsp; <\/p>\n\n\n\n<p>Sin embargo,\nno encontr\u00f3 las oficinas y volvi\u00f3 a la colonia 20 de Noviembre, y cuando estaba\nen compa\u00f1\u00eda de su familia y otros vecinos que tambi\u00e9n sufren hostigamiento,\nnuevamente llego el grupo del FPR a amenazarlos dici\u00e9ndoles: <\/p>\n\n\n\n<p>\u201cTienen unas\nhoras para salirse de aqu\u00ed o tomaremos medidas m\u00e1s dr\u00e1sticas para sacarlos a\ntodos\u201d;&nbsp; en repetidas ocasiones el se\u00f1or Roberto\nOrtiz Cruz gritaba \u201cse tienen que largar porque ya es una orden de arriba\u201d.<\/p>\n\n\n\n<p>\u201cDespu\u00e9s\nintentaron quemar el veh\u00edculo del se\u00f1or Edgar G\u00f3mez Garz\u00f3n, adem\u00e1s les lanzaron\npiedras, por lo que al ver esta situaci\u00f3n la se\u00f1ora Juana Antonio L\u00f3pez junto\ncon los otros vecinos fueron nuevamente a buscar las oficinas regionales de la\nFiscal\u00eda para denunciar lo ocurrido y especialmente se\u00f1alar que los se\u00f1ores\nRoberto Ortiz Cruz, Braulio Rodr\u00edguez Hern\u00e1ndez, Salom\u00f3n Jos\u00e9 luz, F\u00e9lix\nRodr\u00edguez, y Primitivo Cruz G\u00f3mez\u201d.<\/p>\n\n\n\n<p>Por ello, el\nCentro de Derechos Humanos exigi\u00f3 respeto de la integridad f\u00edsica y moral de\nlos integrantes de la familia de la se\u00f1or Juana Antonio L\u00f3pez.<\/p>\n\n\n\n<p>Respeto a la\nMedida Cautelar otorgada por el Tribunal Unitario Agrario de Huajuapan de Le\u00f3n\nOaxaca, respecto a la posesi\u00f3n que mantiene la se\u00f1ora Juana Antonio L\u00f3pez en la\ncolonia 20 de Noviembre de Nochixtl\u00e1n.<\/p>\n\n\n\n<p>Investigaci\u00f3n\ny sanci\u00f3n a los responsables de los hechos delictuosos que fue v\u00edctima la\nse\u00f1ora Juana Antonio L\u00f3pez.<\/p>\n","protected":false},"excerpt":{"rendered":"<p>Ismael Garc\u00eda Oaxaca de Ju\u00e1rez, Oax., 16 de junio de 2019.- A tres d\u00edas de&hellip;<\/p>\n","protected":false},"author":2,"featured_media":1656,"comment_status":"closed","ping_status":"open","sticky":false,"template":"","format":"standard","meta":{"_lmt_disableupdate":"","_lmt_disable":"","_jetpack_memberships_contains_paid_content":false,"footnotes":""},"categories":[109,51],"tags":[128,130,131],"class_list":["post-1655","post","type-post","status-publish","format-standard","has-post-thumbnail","hentry","category-minuto-a-minuto","category-zona-roja","tag-asuncion-nochixtlan","tag-fpr","tag-frente-popular-revolucionario"],"jetpack_featured_media_url":"https:\/\/zonaroja.com.mx\/wp-content\/uploads\/2019\/06\/Nochixtl\u00e1n-y-FPR-1.jpg","jetpack_sharing_enabled":true,"_links":{"self":[{"href":"https:\/\/zonaroja.com.mx\/index.php?rest_route=\/wp\/v2\/posts\/1655","targetHints":{"allow":["GET"]}}],"collection":[{"href":"https:\/\/zonaroja.com.mx\/index.php?rest_route=\/wp\/v2\/posts"}],"about":[{"href":"https:\/\/zonaroja.com.mx\/index.php?rest_route=\/wp\/v2\/types\/post"}],"author":[{"embeddable":true,"href":"https:\/\/zonaroja.com.mx\/index.php?rest_route=\/wp\/v2\/users\/2"}],"replies":[{"embeddable":true,"href":"https:\/\/zonaroja.com.mx\/index.php?rest_route=%2Fwp%2Fv2%2Fcomments&post=1655"}],"version-history":[{"count":1,"href":"https:\/\/zonaroja.com.mx\/index.php?rest_route=\/wp\/v2\/posts\/1655\/revisions"}],"predecessor-version":[{"id":1658,"href":"https:\/\/zonaroja.com.mx\/index.php?rest_route=\/wp\/v2\/posts\/1655\/revisions\/1658"}],"wp:featuredmedia":[{"embeddable":true,"href":"https:\/\/zonaroja.com.mx\/index.php?rest_route=\/wp\/v2\/media\/1656"}],"wp:attachment":[{"href":"https:\/\/zonaroja.com.mx\/index.php?rest_route=%2Fwp%2Fv2%2Fmedia&parent=1655"}],"wp:term":[{"taxonomy":"category","embeddable":true,"href":"https:\/\/zonaroja.com.mx\/index.php?rest_route=%2Fwp%2Fv2%2Fcategories&post=1655"},{"taxonomy":"post_tag","embeddable":true,"href":"https:\/\/zonaroja.com.mx\/index.php?rest_route=%2Fwp%2Fv2%2Ftags&post=1655"}],"curies":[{"name":"wp","href":"https:\/\/api.w.org\/{rel}","templated":true}]}}