{"id":16553,"date":"2020-08-20T20:32:50","date_gmt":"2020-08-21T01:32:50","guid":{"rendered":"http:\/\/www.zonaroja.com.mx\/?p=16553"},"modified":"2020-08-20T20:49:58","modified_gmt":"2020-08-21T01:49:58","slug":"desdena-gobierno-bloqueo-de-dos-dias-de-confederacion-libertad","status":"publish","type":"post","link":"https:\/\/zonaroja.com.mx\/?p=16553","title":{"rendered":"Desde\u00f1a gobierno bloqueo de dos d\u00edas de Confederaci\u00f3n Libertad"},"content":{"rendered":"\n<p>Yuridiana Sosa\/Zona Roja.<\/p>\n\n\n\n<p>Oaxaca de Ju\u00e1rez, Oax., 20 de agosto de 2020.- Los bloqueos volvieron a desquiciar la zona conurbada de la capital, as\u00ed como el tr\u00e1nsito en carreteras importantes en distintas regiones de Oaxaca.<\/p>\n\n\n\n<p>Una protesta cumpli\u00f3 hoy dos d\u00edas, la de la Confederaci\u00f3n Libertad de Trabajadores de M\u00e9xico (CLTM), que desde ayer bloque\u00f3 durante todo el d\u00eda la v\u00eda federal 200, entre Pochutla y Puerto Escondido, y hoy en Valles Centrales, la v\u00eda 190, entre la Villa de Mitla y Santiago Matatl\u00e1n.<\/p>\n\n\n\n<p>De acuerdo con la dirigente estatal de este gremio, Guadalupe D\u00edaz Pantoja, el gobierno estatal ha desde\u00f1ado sus movilizaciones para exigir participaci\u00f3n en la obra p\u00fablica, y s\u00f3lo design\u00f3 a Francisco Garc\u00eda L\u00f3pez, secretario particular del gobernador Alejandro Murat, a atender la queja, pero s\u00f3lo se comunic\u00f3 una vez la ma\u00f1ana de hoy, sin dar respuestas.<\/p>\n\n\n\n<p>DESQUICIAMIENTO VIAL<\/p>\n\n\n\n<p>Los transportistas y materialistas cerraron el paso en la carretera Internacional 190 en inconformidad por no ser beneficiados con los trabajos para la construcci\u00f3n de la carretera Oaxaca-Istmo en el tramo Ventanilla y Mitla-Tehuantepec.<\/p>\n\n\n\n<p>En tanto que por segundo d\u00eda, cerraron el paso vehicular en la regi\u00f3n de la Costa, para demandar igualmente participaci\u00f3n en las obras; los afectados acusaron que el gobierno sigue privilegiando \u00fanicamente a la Confederaci\u00f3n Aut\u00f3noma de Trabajadores y Empleados de M\u00e9xico (CATEM).<\/p>\n\n\n\n<p>En apoyo, pero sin bloqueos, mototaxistas del municipio de Santa Mar\u00eda Atzompa y del centro de la capital demostraron el apoyo a los compa\u00f1eros transportistas a trav\u00e9s de cartulinas que pegaron en sus veh\u00edculos del servicio p\u00fablico.<\/p>\n\n\n\n<p>En la zona conurbada de la capital, por al menos tres horas, ocurri\u00f3 otro bloqueo de la v\u00eda 190, la avenida L\u00e1zaro C\u00e1rdenas y la avenida Ferrocarril, por parte de taxistas de color azul de Santa Luc\u00eda del Camino, San Sebasti\u00e1n Tutla y Santa Cruz Amilpas, entre otros, por disputas internas entre gremios.<\/p>\n\n\n\n<p>Para la manifestaci\u00f3n los taxistas taparon con peri\u00f3dicos y distintos papeles el nombre de los sitios, n\u00famero econ\u00f3mico y placas; pero, entre los que participaron se encontraron los del sitio \u201cCanteras Centro de Convenciones A.C\u201d, con n\u00famero TX-CTRO-0 6 y 09-047 TX-C-016, quienes fueron captados antes de cubrir sus datos.<\/p>\n\n\n\n<figure class=\"wp-block-embed-twitter wp-block-embed is-type-rich is-provider-twitter\"><div class=\"wp-block-embed__wrapper\">\n<div class=\"twitter-tweet\"><blockquote class=\"twitter-tweet\" data-lang=\"es\"><p lang=\"es\" dir=\"ltr\"><a href=\"https:\/\/twitter.com\/hashtag\/ENVIVO?src=hash&amp;ref_src=twsrc%5Etfw\">#ENVIVO<\/a><br>Santiago Matatl\u00e1n, Oax., 20 de agosto de 2020. &#8211; Bloqueo carretero de la Confederaci\u00f3n Libertad de Trabajadores de M\u00e9xico. Escuche la versi\u00f3n de Guadalupe D\u00edaz Pantoja. <br>Aqu\u00ed la transmisi\u00f3n: \ud83d\udc47<a href=\"https:\/\/t.co\/NMzB5CE68w\">https:\/\/t.co\/NMzB5CE68w<\/a> <a href=\"https:\/\/t.co\/p7ggsdnOX4\">pic.twitter.com\/p7ggsdnOX4<\/a><\/p>&mdash; Zona Roja Oaxaca (@MexRoja) <a href=\"https:\/\/twitter.com\/MexRoja\/status\/1296538838995742720?ref_src=twsrc%5Etfw\">20 de agosto de 2020<\/a><\/blockquote><\/div>\n<\/div><\/figure>\n\n\n\n<p>NO HAY ATENCI\u00d3N<\/p>\n\n\n\n<p>\u201cDesde hace tres a\u00f1os, durante la administraci\u00f3n de Alejandro Murat, la \u00fanica forma de conseguir obras es por medio de presiones realizadas con manifestaciones de este tipo\u201d, se\u00f1al\u00f3 la lideresa de la Confederaci\u00f3n Libertad, Guadalupe D\u00edaz Pantoja.<\/p>\n\n\n\n<p>Denunci\u00f3 que para la distribuci\u00f3n de obras, el Gobierno del Estado ha usurpado funciones, como el caso actual donde el secretario particular del gobernador, Francisco Garc\u00eda, es quien se encarga de resolver asuntos que corresponden a otras dependencias como Secretar\u00eda General de Gobierno, de las Infraestructuras y el Ordenamiento Territorial Sustentable o cuando pertenecen al federal, a la Secretar\u00eda de Comunicaciones y Transportes.<\/p>\n\n\n\n<p>\u201cAnteriormente la responsabilidad era para Jos\u00e9 Manuel Vera Salinas, Secretario Ejecutivo del Sistema Estatal de Seguridad P\u00fablica, pero incluso, desde el inicio de este sexenio los contratos de trabajo ante la Junta Local de Conciliaci\u00f3n y Arbitraje dejaron de tener validez para priorizar los convenios\u201d, se\u00f1al\u00f3 D\u00edaz Pantoja.<\/p>\n\n\n\n<p>Como organizaci\u00f3n, dijo, el Gobierno del Estado los ningunea, minimizando el impacto de sus protestas o amenazando con \u00f3rdenes de aprehensi\u00f3n.<\/p>\n\n\n\n<p>Detall\u00f3 que el Francisco Garc\u00eda mostr\u00f3 indiferencia a la advertencia de una movilizaci\u00f3n para este jueves con bloqueos en la regi\u00f3n de la Costa y en Valles Centrales, para demandar participaci\u00f3n en la construcci\u00f3n de la s\u00faper carretera Oaxaca-Istmo en los tramos Barranca Larga-Ventanilla y Mitla-Tehuantepec.<\/p>\n\n\n\n<p>El bloqueo en la Costa, en inmediaciones de Pochutla, cumpli\u00f3 dos d\u00edas sin ser atendido, mientras que el ubicado entre Mitla y Matatl\u00e1n, es indefinido.<\/p>\n\n\n\n<p>El cierre a la circulaci\u00f3n en la carretera 190 en Valles Centrales, con la presencia de camiones de volteos obstruyendo el paso, caus\u00f3 graves afectaciones a la poblaci\u00f3n, transportistas del servicio colectivo y traileros, estos \u00faltimos varados y formando largas filas para esperar la liberaci\u00f3n del \u00fanico paso a la capital.<\/p>\n\n\n\n<p>Mientras que los automovilistas particulares tomaron v\u00edas alternas como caminos rurales que conectan con el municipio de San Dionisio Ocotepec, para despu\u00e9s llegar a Ocotl\u00e1n de Morelos y posteriormente dirigirse a la capital del estado.<\/p>\n\n\n\n<p>POLIC\u00cdAS EN TEHUANTEPEC<\/p>\n\n\n\n<p>Por otra parte, para exigir cumplimiento a sus demandas laborales, elementos de la Polic\u00eda Municipal de Tehuantepec se apoderaron de las instalaciones de la corporaci\u00f3n y bloquearon la carretera 190, de acceso a Santo Domingo Tehuantepec.<\/p>\n\n\n\n<p>Los uniformados exigen la destituci\u00f3n del director, a quien acusan de cometer abuso de autoridad contra los polic\u00edas y la ciudadan\u00eda, adem\u00e1s de acoso laboral y sexual contra las mujeres de la corporaci\u00f3n.<\/p>\n\n\n\n<p>Entre otras exigencias laborales se encuentran las de equipo y uniformes, comprobantes de pagos, seguros de vida, servicio m\u00e9dico de calidad y un bono por pandemia de Covid-19.<\/p>\n\n\n\n<figure class=\"wp-block-embed-twitter wp-block-embed is-type-rich is-provider-twitter\"><div class=\"wp-block-embed__wrapper\">\n<div class=\"twitter-tweet\"><blockquote class=\"twitter-tweet\" data-lang=\"es\"><p lang=\"es\" dir=\"ltr\"><a href=\"https:\/\/twitter.com\/hashtag\/OaxacaGris?src=hash&amp;ref_src=twsrc%5Etfw\">#OaxacaGris<\/a><br>Adem\u00e1s de bloqueos carreteros en Valles y Costa por parte de la <a href=\"https:\/\/twitter.com\/CLTMOAXACA?ref_src=twsrc%5Etfw\">@CLTMOAXACA<\/a>, ahora polic\u00edas municipales de Santo Domingo Tehuantepec cierran v\u00eda federal y se apoderan del cuartel, inconformes con sus mandos. <br>Video: \u201cEl Matutinazo\u201d <a href=\"https:\/\/t.co\/Ag4UwK1KLG\">pic.twitter.com\/Ag4UwK1KLG<\/a><\/p>&mdash; Zona Roja Oaxaca (@MexRoja) <a href=\"https:\/\/twitter.com\/MexRoja\/status\/1296472442119098370?ref_src=twsrc%5Etfw\">20 de agosto de 2020<\/a><\/blockquote><\/div>\n<\/div><\/figure>\n","protected":false},"excerpt":{"rendered":"<p>Yuridiana Sosa\/Zona Roja. Oaxaca de Ju\u00e1rez, Oax., 20 de agosto de 2020.- Los bloqueos volvieron&hellip;<\/p>\n","protected":false},"author":2,"featured_media":16556,"comment_status":"closed","ping_status":"open","sticky":false,"template":"","format":"standard","meta":{"_lmt_disableupdate":"","_lmt_disable":"","_jetpack_memberships_contains_paid_content":false,"footnotes":""},"categories":[1],"tags":[1761],"class_list":["post-16553","post","type-post","status-publish","format-standard","has-post-thumbnail","hentry","category-sin-categoria","tag-confederacion-libertad-de-trabajadores-de-mexico"],"jetpack_featured_media_url":"https:\/\/zonaroja.com.mx\/wp-content\/uploads\/2020\/08\/Bloqueos-Confederacion-Libertad.jpg","jetpack_sharing_enabled":true,"_links":{"self":[{"href":"https:\/\/zonaroja.com.mx\/index.php?rest_route=\/wp\/v2\/posts\/16553","targetHints":{"allow":["GET"]}}],"collection":[{"href":"https:\/\/zonaroja.com.mx\/index.php?rest_route=\/wp\/v2\/posts"}],"about":[{"href":"https:\/\/zonaroja.com.mx\/index.php?rest_route=\/wp\/v2\/types\/post"}],"author":[{"embeddable":true,"href":"https:\/\/zonaroja.com.mx\/index.php?rest_route=\/wp\/v2\/users\/2"}],"replies":[{"embeddable":true,"href":"https:\/\/zonaroja.com.mx\/index.php?rest_route=%2Fwp%2Fv2%2Fcomments&post=16553"}],"version-history":[{"count":2,"href":"https:\/\/zonaroja.com.mx\/index.php?rest_route=\/wp\/v2\/posts\/16553\/revisions"}],"predecessor-version":[{"id":16555,"href":"https:\/\/zonaroja.com.mx\/index.php?rest_route=\/wp\/v2\/posts\/16553\/revisions\/16555"}],"wp:featuredmedia":[{"embeddable":true,"href":"https:\/\/zonaroja.com.mx\/index.php?rest_route=\/wp\/v2\/media\/16556"}],"wp:attachment":[{"href":"https:\/\/zonaroja.com.mx\/index.php?rest_route=%2Fwp%2Fv2%2Fmedia&parent=16553"}],"wp:term":[{"taxonomy":"category","embeddable":true,"href":"https:\/\/zonaroja.com.mx\/index.php?rest_route=%2Fwp%2Fv2%2Fcategories&post=16553"},{"taxonomy":"post_tag","embeddable":true,"href":"https:\/\/zonaroja.com.mx\/index.php?rest_route=%2Fwp%2Fv2%2Ftags&post=16553"}],"curies":[{"name":"wp","href":"https:\/\/api.w.org\/{rel}","templated":true}]}}