{"id":16557,"date":"2020-08-20T21:30:59","date_gmt":"2020-08-21T02:30:59","guid":{"rendered":"http:\/\/www.zonaroja.com.mx\/?p=16557"},"modified":"2020-08-20T21:31:02","modified_gmt":"2020-08-21T02:31:02","slug":"a-la-memoria-de-narciso-reyes-cuarto-para-las-doce-ya-no-amaneciste","status":"publish","type":"post","link":"https:\/\/zonaroja.com.mx\/?p=16557","title":{"rendered":"A la memoria de Narciso Reyes: Cuarto para las Doce. Ya no amaneciste."},"content":{"rendered":"\n<p>Isidoro Yescas\/Zona Roja.<\/p>\n\n\n\n<p>Oaxaca de Ju\u00e1rez, Oax., 20 de agosto de 2020.- La frase \u00abdi positivo, procede a confinarme\u00bb (m\u00e1s \u00abpropia\u00bb de pol\u00edticos y funcionarios), nunca la pudo pronunciar. Ni lo har\u00eda si otras hubiesen sido las circunstancias en las que lo atrap\u00f3 el Covid para arrinconarlo, obligarlo a ser hospitalizado y, ya intubado, dejar en manos de la ciencia m\u00e9dica y de Dios su destino.<\/p>\n\n\n\n<p>Fue un periodista de la vieja guardia en muchos sentidos:&nbsp; empez\u00f3 a principios de la d\u00e9cada de los sesenta de ayudante de talleres en el diario \u201cCarteles del Sur\u201d, dirigido toda la vida&nbsp; por don N\u00e9stor S\u00e1nchez.<\/p>\n\n\n\n<p>Luego decidi\u00f3 pedalear una bicicleta de la empresa para distribuir el diario y con los estudios b\u00e1sicos que la situaci\u00f3n de la \u00e9poca impon\u00eda a gente de escasos recursos econ\u00f3micos, se anim\u00f3 a realizar sus primeros tecleados escribiendo una columna rosa titulada \u00bb Me lo dijo un pajarito\u00bb firmada por \u201cPecho Amarillo\u201d.<\/p>\n\n\n\n<p>En una \u00e9poca en donde todos se portaban bien, empezando por los periodistas, la vena antisolemne del nobel columnista prendi\u00f3 de inmediato y Carteles Editores agarr\u00f3 m\u00e1s fuerza con los comentarios cotidianos de \u201cPecho Amarillo\u201d sobre la vida, obra y milagros de la gente de bien.<\/p>\n\n\n\n<p>A\u00f1os despu\u00e9s incursion\u00f3 en el columnismo pol\u00edtico, no del an\u00e1lisis como es propio de este g\u00e9nero period\u00edstico, sino de los dimes y diretes de lo que ocurr\u00eda en oficinas p\u00fablicas y de las andanzas santas y \u2018non sanctas\u2019 de pol\u00edticos y funcionarios de todos los calibres.<\/p>\n\n\n\n<p>Y la nueva&nbsp; tribuna para darle vuelo a las \u00abinfamias\u00bb de \u201cJuan Diego\u201d fue otro diario, \u201cNoticias\u201d, dirigido entonces por Jos\u00e9 Mart\u00ednez Bastida.<\/p>\n\n\n\n<p>\u00abCon May\u00fasculas\u00bb se convirti\u00f3 as\u00ed en lectura preferida (y qui\u00e9n sabe si obligada)&nbsp; de&nbsp; pol\u00edticos de varios sexenios. Primero en \u201cNoticias\u201d y hasta sus \u00faltimos d\u00edas en \u201cTiempo\u201d, dirigido por Wenceslao A\u00f1orve, la desacralizaci\u00f3n del oficio del pol\u00edtico cobr\u00f3 carta de naturalizaci\u00f3n.<\/p>\n\n\n\n<p>Un dato no menor para quien no tuvo la oportunidad de ser \u00abcomunic\u00f3logo\u00bb ni estudiar en alguna escuela de periodismo, fue la calidad gramatical de sus textos: impecables, bien redactados.<\/p>\n\n\n\n<p>Estuvo peleado con la solemnidad y las buenas costumbres (y se vanagloriaba de escoger sus lecturas y amigos), pero nunca con la Real Academia de la Lengua Espa\u00f1ola (de la otra Academia, la Viperina, fue socio fundador).<\/p>\n\n\n\n<p>Ayer en la noche, mi\u00e9rcoles 19 de agosto, D\u00eda de San Bernardo Abad de Claraval, \u00abdevot\u00edsimo de la Sant\u00edsima Virgen\u00bb, Narciso Arturo Reyes(a) \u201cJuan Diego\u201d, devot\u00edsimo de la Virgen de Guadalupe,&nbsp; ingres\u00f3 a la larga lista de amigos y amigas v\u00edctimas del Covid.<\/p>\n\n\n\n<p>Descansa en paz, \u201cPi\u00f3genes\u201d.<\/p>\n","protected":false},"excerpt":{"rendered":"<p>Isidoro Yescas\/Zona Roja. Oaxaca de Ju\u00e1rez, Oax., 20 de agosto de 2020.- La frase \u00abdi&hellip;<\/p>\n","protected":false},"author":2,"featured_media":16558,"comment_status":"closed","ping_status":"open","sticky":false,"template":"","format":"standard","meta":{"_lmt_disableupdate":"","_lmt_disable":"","_jetpack_memberships_contains_paid_content":false,"footnotes":""},"categories":[109,46],"tags":[1938],"class_list":["post-16557","post","type-post","status-publish","format-standard","has-post-thumbnail","hentry","category-minuto-a-minuto","category-zona-blanca","tag-narciso-reyes"],"jetpack_featured_media_url":"https:\/\/zonaroja.com.mx\/wp-content\/uploads\/2020\/08\/Narciso-Reyes-2.jpg","jetpack_sharing_enabled":true,"_links":{"self":[{"href":"https:\/\/zonaroja.com.mx\/index.php?rest_route=\/wp\/v2\/posts\/16557","targetHints":{"allow":["GET"]}}],"collection":[{"href":"https:\/\/zonaroja.com.mx\/index.php?rest_route=\/wp\/v2\/posts"}],"about":[{"href":"https:\/\/zonaroja.com.mx\/index.php?rest_route=\/wp\/v2\/types\/post"}],"author":[{"embeddable":true,"href":"https:\/\/zonaroja.com.mx\/index.php?rest_route=\/wp\/v2\/users\/2"}],"replies":[{"embeddable":true,"href":"https:\/\/zonaroja.com.mx\/index.php?rest_route=%2Fwp%2Fv2%2Fcomments&post=16557"}],"version-history":[{"count":1,"href":"https:\/\/zonaroja.com.mx\/index.php?rest_route=\/wp\/v2\/posts\/16557\/revisions"}],"predecessor-version":[{"id":16559,"href":"https:\/\/zonaroja.com.mx\/index.php?rest_route=\/wp\/v2\/posts\/16557\/revisions\/16559"}],"wp:featuredmedia":[{"embeddable":true,"href":"https:\/\/zonaroja.com.mx\/index.php?rest_route=\/wp\/v2\/media\/16558"}],"wp:attachment":[{"href":"https:\/\/zonaroja.com.mx\/index.php?rest_route=%2Fwp%2Fv2%2Fmedia&parent=16557"}],"wp:term":[{"taxonomy":"category","embeddable":true,"href":"https:\/\/zonaroja.com.mx\/index.php?rest_route=%2Fwp%2Fv2%2Fcategories&post=16557"},{"taxonomy":"post_tag","embeddable":true,"href":"https:\/\/zonaroja.com.mx\/index.php?rest_route=%2Fwp%2Fv2%2Ftags&post=16557"}],"curies":[{"name":"wp","href":"https:\/\/api.w.org\/{rel}","templated":true}]}}