{"id":16560,"date":"2020-08-20T21:59:19","date_gmt":"2020-08-21T02:59:19","guid":{"rendered":"http:\/\/www.zonaroja.com.mx\/?p=16560"},"modified":"2020-08-20T22:04:19","modified_gmt":"2020-08-21T03:04:19","slug":"pide-oaxaca-al-congreso-de-la-union-revocar-reformas-del-pacto-por-mexico","status":"publish","type":"post","link":"https:\/\/zonaroja.com.mx\/?p=16560","title":{"rendered":"Pide Oaxaca al Congreso de la Uni\u00f3n revocar reformas del \u201cPacto por M\u00e9xico\u201d"},"content":{"rendered":"\n<p>Redacci\u00f3n\/Zona Roja.<\/p>\n\n\n\n<p>Oaxaca de Ju\u00e1rez, Oax., 20 de agosto de 2020.- Por tener un origen ileg\u00edtimo y envuelto en evidentes actos de ilegalidad, la 64 Legislatura de Oaxaca solicit\u00f3 al Congreso de la Uni\u00f3n revocar las reformas legislativas emanadas del denominado \u201cPacto por M\u00e9xico\u201d.<\/p>\n\n\n\n<p>Mediante un punto de acuerdo aprobado durante la sesi\u00f3n ordinaria de este mi\u00e9rcoles 19 de agosto, la representaci\u00f3n popular detall\u00f3 que los recientes se\u00f1alamientos y descubrimientos por parte de la Fiscal\u00eda General de la Rep\u00fablica, la Secretar\u00eda de Hacienda, la Unidad de Inteligencia Financiera y la Auditor\u00eda Superior de la Federaci\u00f3n, evidencian que estos acuerdos legislativos fueron producto de actos y hechos de corrupci\u00f3n que ponen en tela de juicio la legitimidad de dichas reformas.<\/p>\n\n\n\n<p>Y es que el objetivo del pacto era crear las bases de un nuevo acuerdo pol\u00edtico, econ\u00f3mico y social para impulsar el crecimiento de M\u00e9xico, pero nunca se cumpli\u00f3; \u00fanicamente hubo un endeudamiento alto sin mejorar la infraestructura y se desplom\u00f3 la inversi\u00f3n p\u00fablica.<\/p>\n\n\n\n<p>En ese contexto, el Poder Legislativo del Estado de Oaxaca aprob\u00f3 turnar al Congreso de la Uni\u00f3n, la solicitud para que, en el \u00e1mbito de sus atribuciones, d\u00e9 marcha atr\u00e1s a las reformas legislativas referidas, particularmente las del rubro energ\u00e9tico que han permitido la celebraci\u00f3n de contratos desventajosos para el Estado mexicano.<\/p>\n\n\n\n<p>El \u201cPacto por M\u00e9xico\u201d fue celebrado el 2 de diciembre del 2012, entre el entonces presidente de M\u00e9xico, Enrique Pe\u00f1a Nieto, y los dirigentes nacionales de los partidos Acci\u00f3n Nacional (PAN), Revolucionario Institucional (PRI), de la Revoluci\u00f3n Democr\u00e1tica (PRD) y Verde Ecologista de M\u00e9xico (PVEM).<\/p>\n","protected":false},"excerpt":{"rendered":"<p>Redacci\u00f3n\/Zona Roja. Oaxaca de Ju\u00e1rez, Oax., 20 de agosto de 2020.- Por tener un origen&hellip;<\/p>\n","protected":false},"author":2,"featured_media":16566,"comment_status":"closed","ping_status":"open","sticky":false,"template":"","format":"standard","meta":{"_lmt_disableupdate":"","_lmt_disable":"","_jetpack_memberships_contains_paid_content":false,"footnotes":""},"categories":[109,46],"tags":[213],"class_list":["post-16560","post","type-post","status-publish","format-standard","has-post-thumbnail","hentry","category-minuto-a-minuto","category-zona-blanca","tag-64-legislatura-de-oaxaca"],"jetpack_featured_media_url":"https:\/\/zonaroja.com.mx\/wp-content\/uploads\/2020\/08\/FOTO-1.1-Demanda-Diputacion-oaxaquena-a-Congreso-de-la-Union-revocar-reformas-del-Pacto-por-Mexico.jpg","jetpack_sharing_enabled":true,"_links":{"self":[{"href":"https:\/\/zonaroja.com.mx\/index.php?rest_route=\/wp\/v2\/posts\/16560","targetHints":{"allow":["GET"]}}],"collection":[{"href":"https:\/\/zonaroja.com.mx\/index.php?rest_route=\/wp\/v2\/posts"}],"about":[{"href":"https:\/\/zonaroja.com.mx\/index.php?rest_route=\/wp\/v2\/types\/post"}],"author":[{"embeddable":true,"href":"https:\/\/zonaroja.com.mx\/index.php?rest_route=\/wp\/v2\/users\/2"}],"replies":[{"embeddable":true,"href":"https:\/\/zonaroja.com.mx\/index.php?rest_route=%2Fwp%2Fv2%2Fcomments&post=16560"}],"version-history":[{"count":1,"href":"https:\/\/zonaroja.com.mx\/index.php?rest_route=\/wp\/v2\/posts\/16560\/revisions"}],"predecessor-version":[{"id":16561,"href":"https:\/\/zonaroja.com.mx\/index.php?rest_route=\/wp\/v2\/posts\/16560\/revisions\/16561"}],"wp:featuredmedia":[{"embeddable":true,"href":"https:\/\/zonaroja.com.mx\/index.php?rest_route=\/wp\/v2\/media\/16566"}],"wp:attachment":[{"href":"https:\/\/zonaroja.com.mx\/index.php?rest_route=%2Fwp%2Fv2%2Fmedia&parent=16560"}],"wp:term":[{"taxonomy":"category","embeddable":true,"href":"https:\/\/zonaroja.com.mx\/index.php?rest_route=%2Fwp%2Fv2%2Fcategories&post=16560"},{"taxonomy":"post_tag","embeddable":true,"href":"https:\/\/zonaroja.com.mx\/index.php?rest_route=%2Fwp%2Fv2%2Ftags&post=16560"}],"curies":[{"name":"wp","href":"https:\/\/api.w.org\/{rel}","templated":true}]}}