{"id":16562,"date":"2020-08-20T22:01:32","date_gmt":"2020-08-21T03:01:32","guid":{"rendered":"http:\/\/www.zonaroja.com.mx\/?p=16562"},"modified":"2020-08-20T22:01:36","modified_gmt":"2020-08-21T03:01:36","slug":"rebasa-oaxaca-los-1200-fallecimientos-por-covid-19","status":"publish","type":"post","link":"https:\/\/zonaroja.com.mx\/?p=16562","title":{"rendered":"Rebasa Oaxaca los 1,200 fallecimientos por Covid-19"},"content":{"rendered":"\n<p>Redacci\u00f3n\/Zona Roja.<\/p>\n\n\n\n<p>Oaxaca de Ju\u00e1rez, Oax., 20 de agosto de 2020.- Los Servicios de Salud de Oaxaca informaron que al corte epidemiol\u00f3gico de este jueves 20 de agosto, se han registrado 124 casos nuevos, que suman 12 mil 738 acumulados en toda la entidad.<\/p>\n\n\n\n<p>La dependencia detall\u00f3 que se han notificado 18 mil 947 casos, de los cuales cinco mil 398 han sido negativos, hay 811 casos sospechosos en espera de resultados por laboratorio, 10 mil 914 recuperados y se registran nueve defunciones que suman mil 202 fallecimientos.<\/p>\n\n\n\n<p>Mencion\u00f3 que la Jurisdicci\u00f3n Sanitaria n\u00famero uno Valles Centrales, contabiliza ocho mil 343 casos confirmados y 577 defunciones; Tuxtepec mil 585 y 231 defunciones; Istmo mil 318 y 230 defunciones; Mixteca 737 y 71 defunciones; Costa 544 y 59 defunciones, y la Sierra 211 y 34 defunciones.<\/p>\n\n\n\n<p>Los 124 casos nuevos se registran en 45 municipios, siendo los de mayor n\u00famero el de Oaxaca de Ju\u00e1rez con 38, Miahuatl\u00e1n de Porfirio D\u00edaz siete, Santa Cruz Xoxocotl\u00e1n y Huajuapan de Le\u00f3n seis cada uno, Santa Mar\u00eda Huatulco cinco, el resto tres, dos y uno.<\/p>\n\n\n\n<figure class=\"wp-block-embed-twitter wp-block-embed is-type-rich is-provider-twitter\"><div class=\"wp-block-embed__wrapper\">\n<div class=\"twitter-tweet\"><blockquote class=\"twitter-tweet\" data-lang=\"es\"><p lang=\"es\" dir=\"ltr\">La prevenci\u00f3n es la mejor defensa contra las enfermedades. T\u00fa puedes proteger a tu familia del <a href=\"https:\/\/twitter.com\/hashtag\/COVID19?src=hash&amp;ref_src=twsrc%5Etfw\">#COVID19<\/a>:  mant\u00e9n el uso de <a href=\"https:\/\/twitter.com\/hashtag\/Cubrebocas?src=hash&amp;ref_src=twsrc%5Etfw\">#Cubrebocas<\/a>, el <a href=\"https:\/\/twitter.com\/hashtag\/LavadoDeManos?src=hash&amp;ref_src=twsrc%5Etfw\">#LavadoDeManos<\/a> frecuente y una <a href=\"https:\/\/twitter.com\/hashtag\/SanaDistancia?src=hash&amp;ref_src=twsrc%5Etfw\">#SanaDistancia<\/a>. <a href=\"https:\/\/t.co\/iiNkziGQnN\">pic.twitter.com\/iiNkziGQnN<\/a><\/p>&mdash; Servicios de Salud (@SSO_GobOax) <a href=\"https:\/\/twitter.com\/SSO_GobOax\/status\/1296614727842320385?ref_src=twsrc%5Etfw\">21 de agosto de 2020<\/a><\/blockquote><\/div>\n<\/div><\/figure>\n\n\n\n<p>Se\u00f1al\u00f3 que los 622 casos activos, la Jurisdicci\u00f3n Sanitaria n\u00famero uno Valles Centrales registra 442, Mixteca 55, Costa 46, Istmo 40, Tuxtepec 28 y la Sierra 11.<\/p>\n\n\n\n<p>En relaci\u00f3n con la ocupaci\u00f3n hospitalaria global, se tiene un 42.3%, y por instituci\u00f3n los SSO con 30.1%, HRAEO 67.9%, Hospital de la Ni\u00f1ez Oaxaque\u00f1a 100%, Sedena 50.9%, ISSSTE 51.6%, IMSS r\u00e9gimen ordinario 51%, IMSS Bienestar 24.4%, Pemex 41.7%, y Semar 41.2%.<\/p>\n\n\n\n<p>De igual manera, se\u00f1al\u00f3 que en la utilizaci\u00f3n correcta del cubrebocas, como una medida de contenci\u00f3n para el COVID-19, es importante asegurar su desecho, ante ello es importante lavarse las manos o aplicar gel a base de alcohol al 60% antes de tirarlo, quit\u00e1rselo sujetando las cintas el\u00e1sticas por detr\u00e1s de las orejas evitando tocar el frente, asegurarse de romper o cortar las ligas de sujeci\u00f3n y el frente antes de tirarlo.<\/p>\n\n\n\n<p>Asimismo, se debe procurar desecharlo en una bolsa amigable con el medio ambiente; si se utilizan tijeras para cortarlo, no hay que olvidar tambi\u00e9n lavarlas. Despu\u00e9s de desechar el cubrebocas, es importante lavarse las manos con agua y jab\u00f3n.<\/p>\n","protected":false},"excerpt":{"rendered":"<p>Redacci\u00f3n\/Zona Roja. Oaxaca de Ju\u00e1rez, Oax., 20 de agosto de 2020.- Los Servicios de Salud&hellip;<\/p>\n","protected":false},"author":2,"featured_media":16563,"comment_status":"closed","ping_status":"open","sticky":false,"template":"","format":"standard","meta":{"_lmt_disableupdate":"","_lmt_disable":"","_jetpack_memberships_contains_paid_content":false,"footnotes":""},"categories":[109,47],"tags":[1512],"class_list":["post-16562","post","type-post","status-publish","format-standard","has-post-thumbnail","hentry","category-minuto-a-minuto","category-zona-gris","tag-coronavirus-oaxaca"],"jetpack_featured_media_url":"https:\/\/zonaroja.com.mx\/wp-content\/uploads\/2020\/08\/SSO-1-4-1.jpeg","jetpack_sharing_enabled":true,"_links":{"self":[{"href":"https:\/\/zonaroja.com.mx\/index.php?rest_route=\/wp\/v2\/posts\/16562","targetHints":{"allow":["GET"]}}],"collection":[{"href":"https:\/\/zonaroja.com.mx\/index.php?rest_route=\/wp\/v2\/posts"}],"about":[{"href":"https:\/\/zonaroja.com.mx\/index.php?rest_route=\/wp\/v2\/types\/post"}],"author":[{"embeddable":true,"href":"https:\/\/zonaroja.com.mx\/index.php?rest_route=\/wp\/v2\/users\/2"}],"replies":[{"embeddable":true,"href":"https:\/\/zonaroja.com.mx\/index.php?rest_route=%2Fwp%2Fv2%2Fcomments&post=16562"}],"version-history":[{"count":1,"href":"https:\/\/zonaroja.com.mx\/index.php?rest_route=\/wp\/v2\/posts\/16562\/revisions"}],"predecessor-version":[{"id":16564,"href":"https:\/\/zonaroja.com.mx\/index.php?rest_route=\/wp\/v2\/posts\/16562\/revisions\/16564"}],"wp:featuredmedia":[{"embeddable":true,"href":"https:\/\/zonaroja.com.mx\/index.php?rest_route=\/wp\/v2\/media\/16563"}],"wp:attachment":[{"href":"https:\/\/zonaroja.com.mx\/index.php?rest_route=%2Fwp%2Fv2%2Fmedia&parent=16562"}],"wp:term":[{"taxonomy":"category","embeddable":true,"href":"https:\/\/zonaroja.com.mx\/index.php?rest_route=%2Fwp%2Fv2%2Fcategories&post=16562"},{"taxonomy":"post_tag","embeddable":true,"href":"https:\/\/zonaroja.com.mx\/index.php?rest_route=%2Fwp%2Fv2%2Ftags&post=16562"}],"curies":[{"name":"wp","href":"https:\/\/api.w.org\/{rel}","templated":true}]}}