{"id":16573,"date":"2020-08-21T07:47:31","date_gmt":"2020-08-21T12:47:31","guid":{"rendered":"http:\/\/www.zonaroja.com.mx\/?p=16573"},"modified":"2020-08-21T07:47:34","modified_gmt":"2020-08-21T12:47:34","slug":"siete-municipios-la-mayoria-indigenas-concentran-la-violencia-feminicida","status":"publish","type":"post","link":"https:\/\/zonaroja.com.mx\/?p=16573","title":{"rendered":"Siete municipios, la mayor\u00eda ind\u00edgenas, concentran la violencia feminicida"},"content":{"rendered":"\n<p>Evlin Arag\u00f3n\/Zona Roja.<\/p>\n\n\n\n<p>Oaxaca de Ju\u00e1rez, Oax., 21 de agosto de 2020.- Oaxaca de Ju\u00e1rez, Huajuapan de Le\u00f3n, San Juan Bautista Tuxtepec, Salina Cruz, Juchit\u00e1n de Zaragoza, San Pedro Mixtepec y San Pedro Pochutla son los siete municipios que, pese a la Declaratoria de Alerta de Violencia de G\u00e9nero, registran el mayor n\u00famero de agresiones en contra de las mujeres.&nbsp;<\/p>\n\n\n\n<p>La mayor\u00eda de esto municipios se catalogan como ind\u00edgenas, situaci\u00f3n que resulta relevante toda vez que son las mujeres de pueblos originarios las que siguen siendo violentadas en sus derechos, incluido el de vivir una vida libre de violencia de g\u00e9nero.&nbsp;&nbsp;&nbsp;<\/p>\n\n\n\n<p>\u201cLas mujeres ind\u00edgenas siguen siendo violentadas al no poder acceder de manera igualitaria a derechos b\u00e1sicos como la educaci\u00f3n, la salud, la participaci\u00f3n pol\u00edtica, entre otros. Esta situaci\u00f3n limita su libertad y autodeteminaci\u00f3n para vivirse plenamente como sujetas de derechos\u201d.&nbsp;<\/p>\n\n\n\n<p>As\u00ed lo refiere Consorcio Oaxaca en su m\u00e1s reciente concentrado de datos en torno a la violencia feminicida que, desde hace a\u00f1os realiza, y refiere 802 actos violentos hacia mujeres en los \u00faltimos dos a\u00f1os, periodo en el que la Secretar\u00eda de las Mujeres de Oaxaca, a cargo de Ana V\u00e1squez Colmenares, ha recibido recurso espec\u00edfico para atender la Alerta de G\u00e9nero.&nbsp;<\/p>\n\n\n\n<p>Son 349 mujeres desaparecidas, 174 v\u00edctimas de violencia familiar, 140 asesinadas y 116 con alg\u00fan tipo de agresi\u00f3n sexual, el saldo de una pol\u00edtica p\u00fablica que no ha funcionado y que incumple la Ley Estatal de Acceso de las Mujeres a una Vida Libre de Violencia de G\u00e9nero.<\/p>\n\n\n\n<p>Las activistas recordaron que el 31 de agosto de 2020 se cumplen dos a\u00f1os de la declaratoria de Alerta de Violencia de G\u00e9nero contra las Mujeres en Oaxaca. Sin embargo, las cifras de violencia feminicida muestran un incremento alarmante dentro de los 40 municipios que cuenta con el mecanismo.&nbsp;<\/p>\n\n\n\n<p>Por lo anterior exigieron a las autoridades estatales dejar atr\u00e1s la simulaci\u00f3n y actuar en consecuencia ante la gravedad de la problem\u00e1tica, que en lo que va del sexenio actual le ha arrebatado la vida a 454 mujeres.<\/p>\n\n\n\n<p>\u201cA dos a\u00f1os de la declaratoria, exigimos al gobierno de Alejandro Murat y las instancias correspondientes, que informen sobre los resultados que han tenido las acciones emprendidas para cumplir con la Alerta de Violencia de G\u00e9nero y como ha sido ejecutado el presupuesto etiquetado\u201d, refirieron en un comunicado.<\/p>\n","protected":false},"excerpt":{"rendered":"<p>Evlin Arag\u00f3n\/Zona Roja. Oaxaca de Ju\u00e1rez, Oax., 21 de agosto de 2020.- Oaxaca de Ju\u00e1rez,&hellip;<\/p>\n","protected":false},"author":2,"featured_media":12078,"comment_status":"closed","ping_status":"open","sticky":false,"template":"","format":"standard","meta":{"_lmt_disableupdate":"","_lmt_disable":"","_jetpack_memberships_contains_paid_content":false,"footnotes":""},"categories":[109,47],"tags":[1093],"class_list":["post-16573","post","type-post","status-publish","format-standard","has-post-thumbnail","hentry","category-minuto-a-minuto","category-zona-gris","tag-consorcio-para-el-dialogo-oaxaca"],"jetpack_featured_media_url":"https:\/\/zonaroja.com.mx\/wp-content\/uploads\/2020\/05\/Violencia-mujeres-3.jpg","jetpack_sharing_enabled":true,"_links":{"self":[{"href":"https:\/\/zonaroja.com.mx\/index.php?rest_route=\/wp\/v2\/posts\/16573","targetHints":{"allow":["GET"]}}],"collection":[{"href":"https:\/\/zonaroja.com.mx\/index.php?rest_route=\/wp\/v2\/posts"}],"about":[{"href":"https:\/\/zonaroja.com.mx\/index.php?rest_route=\/wp\/v2\/types\/post"}],"author":[{"embeddable":true,"href":"https:\/\/zonaroja.com.mx\/index.php?rest_route=\/wp\/v2\/users\/2"}],"replies":[{"embeddable":true,"href":"https:\/\/zonaroja.com.mx\/index.php?rest_route=%2Fwp%2Fv2%2Fcomments&post=16573"}],"version-history":[{"count":1,"href":"https:\/\/zonaroja.com.mx\/index.php?rest_route=\/wp\/v2\/posts\/16573\/revisions"}],"predecessor-version":[{"id":16574,"href":"https:\/\/zonaroja.com.mx\/index.php?rest_route=\/wp\/v2\/posts\/16573\/revisions\/16574"}],"wp:featuredmedia":[{"embeddable":true,"href":"https:\/\/zonaroja.com.mx\/index.php?rest_route=\/wp\/v2\/media\/12078"}],"wp:attachment":[{"href":"https:\/\/zonaroja.com.mx\/index.php?rest_route=%2Fwp%2Fv2%2Fmedia&parent=16573"}],"wp:term":[{"taxonomy":"category","embeddable":true,"href":"https:\/\/zonaroja.com.mx\/index.php?rest_route=%2Fwp%2Fv2%2Fcategories&post=16573"},{"taxonomy":"post_tag","embeddable":true,"href":"https:\/\/zonaroja.com.mx\/index.php?rest_route=%2Fwp%2Fv2%2Ftags&post=16573"}],"curies":[{"name":"wp","href":"https:\/\/api.w.org\/{rel}","templated":true}]}}