{"id":16575,"date":"2020-08-21T07:55:25","date_gmt":"2020-08-21T12:55:25","guid":{"rendered":"http:\/\/www.zonaroja.com.mx\/?p=16575"},"modified":"2020-08-21T07:55:41","modified_gmt":"2020-08-21T12:55:41","slug":"proponen-rrestringir-acceso-al-cargo-de-magistrados-a-quienes-tengan-antecedentes-por-violencia","status":"publish","type":"post","link":"https:\/\/zonaroja.com.mx\/?p=16575","title":{"rendered":"Proponen restringir acceso al cargo de magistrados a quienes tengan antecedentes por  violencia"},"content":{"rendered":"\n<p>Redacci\u00f3n\/Zona Roja.<\/p>\n\n\n\n<p>Oaxaca de Ju\u00e1rez, Oax.- 21 de agosto de 2020.- La diputada Magaly L\u00f3pez Dom\u00ednguez propuso una reforma a la Constituci\u00f3n Pol\u00edtica del Estado, con la finalidad de establecer tres nuevos requisitos o limitantes para ser magistradas o magistrados del Tribunal Superior de Justicia.<\/p>\n\n\n\n<p>La primera es no tener sentencia alguna por delitos contra la mujer, la segunda de ellas establece que quienes aspiren a ese cargo no deben estar ni haber sido afiliada o afiliado o militante de ning\u00fan partido pol\u00edtico al menos un a\u00f1o y la tercera es no haber ocupado cargos al interior de un partido.<\/p>\n\n\n\n<p>La iniciativa busca restringir el acceso al cargo de magistradas o magistrados a personas que hayan sido sancionadas en la v\u00eda penal, administrativa o electoral por actos u omisiones que constituyan violencia en raz\u00f3n de g\u00e9nero en contra de las mujeres.<\/p>\n\n\n\n<p>De acuerdo con esta propuesta, un magistrado o magistrada debe mantener est\u00e1ndares elevados en su vida privada, as\u00ed como en su vida p\u00fablica; la raz\u00f3n de esta exigencia se basa en la amplia gama de experiencias y conductas humanas respecto de las cuales un magistrado puede tener que pronunciarse, si el magistrado condena p\u00fablicamente lo que practica en privado se le tendr\u00e1 por incongruente.<\/p>\n\n\n\n<p>Adem\u00e1s de ello, podr\u00eda incluso correrse el riesgo de que se trate de una persona que normaliza la violencia o que la ejerce por cuestiones de odio en contra de las mujeres, lo que evidentemente pondr\u00eda en peligro a las mujeres que formen parte de alg\u00fan asunto que le toque conocer a ese magistrado acusado de violencia.<\/p>\n\n\n\n<p>\u201cNos preguntamos c\u00f3mo podr\u00eda tener perspectiva de g\u00e9nero un magistrado que ejerci\u00f3 violencia en contra de una, como podr\u00eda mirar un magistrado o una magistrada a trav\u00e9s de las gafas del feminismo, si \u00e9sta fue sancionada de haber ejercido violencia en lo p\u00fablico o en lo privado en contra de una mujer\u201d, detall\u00f3.<\/p>\n\n\n\n<p>De igual forma, la legisladora del Partido Morena extern\u00f3 que los jueces, juezas, magistrados o magistradas, requieren plena independencia, ya que sus funciones jurisdiccionales deben estar basadas interpretaci\u00f3n conforme a la Constituci\u00f3n, por tanto, su designaci\u00f3n debe estar basada en criterios de excelencia, por mientras ejerce dicha funci\u00f3n no es compatible con la militancia partidista.<\/p>\n\n\n\n<p>La iniciativa planteada, adiciona las fracciones VII, VIII Y IX del Art\u00edculo 101 de la Constituci\u00f3n Pol\u00edtica del Estado Libre y Soberano de Oaxaca.<\/p>\n","protected":false},"excerpt":{"rendered":"<p>Redacci\u00f3n\/Zona Roja. Oaxaca de Ju\u00e1rez, Oax.- 21 de agosto de 2020.- La diputada Magaly L\u00f3pez&hellip;<\/p>\n","protected":false},"author":2,"featured_media":16576,"comment_status":"closed","ping_status":"open","sticky":false,"template":"","format":"standard","meta":{"_lmt_disableupdate":"","_lmt_disable":"","_jetpack_memberships_contains_paid_content":false,"footnotes":""},"categories":[109,46],"tags":[192],"class_list":["post-16575","post","type-post","status-publish","format-standard","has-post-thumbnail","hentry","category-minuto-a-minuto","category-zona-blanca","tag-diputada-magaly-lopez-dominguez"],"jetpack_featured_media_url":"https:\/\/zonaroja.com.mx\/wp-content\/uploads\/2020\/08\/Restringir-accesoal-cargo-de-magistrados-a-quienes-tengan-antecedentes-por-delitos-contra-lamujer-propone-Diputada.jpeg","jetpack_sharing_enabled":true,"_links":{"self":[{"href":"https:\/\/zonaroja.com.mx\/index.php?rest_route=\/wp\/v2\/posts\/16575","targetHints":{"allow":["GET"]}}],"collection":[{"href":"https:\/\/zonaroja.com.mx\/index.php?rest_route=\/wp\/v2\/posts"}],"about":[{"href":"https:\/\/zonaroja.com.mx\/index.php?rest_route=\/wp\/v2\/types\/post"}],"author":[{"embeddable":true,"href":"https:\/\/zonaroja.com.mx\/index.php?rest_route=\/wp\/v2\/users\/2"}],"replies":[{"embeddable":true,"href":"https:\/\/zonaroja.com.mx\/index.php?rest_route=%2Fwp%2Fv2%2Fcomments&post=16575"}],"version-history":[{"count":2,"href":"https:\/\/zonaroja.com.mx\/index.php?rest_route=\/wp\/v2\/posts\/16575\/revisions"}],"predecessor-version":[{"id":16578,"href":"https:\/\/zonaroja.com.mx\/index.php?rest_route=\/wp\/v2\/posts\/16575\/revisions\/16578"}],"wp:featuredmedia":[{"embeddable":true,"href":"https:\/\/zonaroja.com.mx\/index.php?rest_route=\/wp\/v2\/media\/16576"}],"wp:attachment":[{"href":"https:\/\/zonaroja.com.mx\/index.php?rest_route=%2Fwp%2Fv2%2Fmedia&parent=16575"}],"wp:term":[{"taxonomy":"category","embeddable":true,"href":"https:\/\/zonaroja.com.mx\/index.php?rest_route=%2Fwp%2Fv2%2Fcategories&post=16575"},{"taxonomy":"post_tag","embeddable":true,"href":"https:\/\/zonaroja.com.mx\/index.php?rest_route=%2Fwp%2Fv2%2Ftags&post=16575"}],"curies":[{"name":"wp","href":"https:\/\/api.w.org\/{rel}","templated":true}]}}