{"id":16579,"date":"2020-08-21T09:51:42","date_gmt":"2020-08-21T14:51:42","guid":{"rendered":"http:\/\/www.zonaroja.com.mx\/?p=16579"},"modified":"2020-08-21T09:51:45","modified_gmt":"2020-08-21T14:51:45","slug":"es-fugan-al-menos-ocho-elementos-de-la-aei-de-la-fiscalia-serian-aprehendidos","status":"publish","type":"post","link":"https:\/\/zonaroja.com.mx\/?p=16579","title":{"rendered":"Es fugan al menos ocho elementos de la AEI de la Fiscal\u00eda; ser\u00edan aprehendidos"},"content":{"rendered":"\n<p>Redacci\u00f3n\/Zona Roja.<\/p>\n\n\n\n<p>Oaxaca de Ju\u00e1rez, Oax., 21 de agosto de 2020.- Al menos ocho elementos de la Agencia Estatal de Investigaciones (AEI), dependientes de la Fiscal\u00eda General del Estado, tienen orden de aprehensi\u00f3n; uno ya habr\u00eda sido detenido y siete se dieron a la fuga.<\/p>\n\n\n\n<p>Lo anterior presuntamente por una investigaci\u00f3n por el robo de m\u00e1s de un mill\u00f3n de pesos tras un operativo, as\u00ed como el delito de abuso de autoridad y extorsi\u00f3n. El aprehendido, de acuerdo con reportes extraoficiales, es Daniel N., quien fue trasladado al reclusorio de San Francisco Tanivet, Tlacolula.<\/p>\n\n\n\n<p>Uno de ellos, Juan J. S., conocido como \u201cEl Sierrita\u201d, abandon\u00f3 desde el martes sus labores en la comandancia de Teotitl\u00e1n de Flores Mag\u00f3n, donde lo enviaron tras ser destituido de la comandancia de Ocotl\u00e1n.<\/p>\n\n\n\n<p>Otro de los presuntos involucrados es Oscar, quien era el comandante local en Ocotl\u00e1n de Morelos y el pasado 13 de agosto qued\u00f3 como encargado en la comandancia regional o sectorial; otros m\u00e1s a\u00fan no identificados se dieron a la fuga.<\/p>\n\n\n\n<p>A trav\u00e9s de las redes sociales difundieron informaci\u00f3n donde se\u00f1alan diversas irregularidades en la corporaci\u00f3n y que varios de los cateos que han realizado en bodegas de mercanc\u00eda robada son porque los presuntos responsables no han accedido a las extorsiones por parte de un grupo de elementos polic\u00edacos que conforman el selectivo grupo de la direcci\u00f3n de investigaciones.<\/p>\n\n\n\n<p>Incluso dieron a conocer los lujosos veh\u00edculos que uno de los presuntos posee, lo cual no es compatible con el sueldo que gana.<\/p>\n\n\n\n<p>En Ocotl\u00e1n de Morelos y Ejutla de Crespo, los asesinatos y hechos violentos se incrementaron en la estancia de Juan J.S., como comandante de sector revelan las estad\u00edsticas.<\/p>\n\n\n\n<p>Uno de los hechos violentos m\u00e1s sangrientos fueron la ejecuci\u00f3n de cuatro personas en la carretera federal 175, frente a la Universidad, en el fraccionamiento Los Ocotes.<\/p>\n\n\n\n<p>La mayor\u00eda de los cateos que agentes del Ministerio P\u00fablico ha realizado junto con los elementos de la Agencia Estatal de Investigaciones es sin detenidos, es decir, van a recoger los objetos robados y las investigaciones ya no contin\u00faan para llegar a los presuntos responsables.<\/p>\n\n\n\n<p>Seg\u00fan reportes al interior de la Agencia Estatal de Investigaciones, los se\u00f1alados habr\u00edan sido alertados en la misma coordinaci\u00f3n que encabeza Jos\u00e9 Alfredo Jim\u00e9nez y el director&nbsp; de la misma, de apellido Chepetla.<\/p>\n\n\n\n<p>Hasta el momento la Fiscal\u00eda General del Estado, que frecuentemente presume combate a la corrupci\u00f3n, no ha dado una postura al respecto.<\/p>\n","protected":false},"excerpt":{"rendered":"<p>Redacci\u00f3n\/Zona Roja. Oaxaca de Ju\u00e1rez, Oax., 21 de agosto de 2020.- Al menos ocho elementos&hellip;<\/p>\n","protected":false},"author":2,"featured_media":5405,"comment_status":"closed","ping_status":"open","sticky":false,"template":"","format":"standard","meta":{"_lmt_disableupdate":"","_lmt_disable":"","_jetpack_memberships_contains_paid_content":false,"footnotes":""},"categories":[109,47],"tags":[82,494],"class_list":["post-16579","post","type-post","status-publish","format-standard","has-post-thumbnail","hentry","category-minuto-a-minuto","category-zona-gris","tag-agencia-estatal-de-investigaciones","tag-fiscalia-general-del-estado-de-oaxaca"],"jetpack_featured_media_url":"https:\/\/zonaroja.com.mx\/wp-content\/uploads\/2019\/11\/Fiscal\u00eda-General-del-Estado-e1572901181551.jpg","jetpack_sharing_enabled":true,"_links":{"self":[{"href":"https:\/\/zonaroja.com.mx\/index.php?rest_route=\/wp\/v2\/posts\/16579","targetHints":{"allow":["GET"]}}],"collection":[{"href":"https:\/\/zonaroja.com.mx\/index.php?rest_route=\/wp\/v2\/posts"}],"about":[{"href":"https:\/\/zonaroja.com.mx\/index.php?rest_route=\/wp\/v2\/types\/post"}],"author":[{"embeddable":true,"href":"https:\/\/zonaroja.com.mx\/index.php?rest_route=\/wp\/v2\/users\/2"}],"replies":[{"embeddable":true,"href":"https:\/\/zonaroja.com.mx\/index.php?rest_route=%2Fwp%2Fv2%2Fcomments&post=16579"}],"version-history":[{"count":1,"href":"https:\/\/zonaroja.com.mx\/index.php?rest_route=\/wp\/v2\/posts\/16579\/revisions"}],"predecessor-version":[{"id":16580,"href":"https:\/\/zonaroja.com.mx\/index.php?rest_route=\/wp\/v2\/posts\/16579\/revisions\/16580"}],"wp:featuredmedia":[{"embeddable":true,"href":"https:\/\/zonaroja.com.mx\/index.php?rest_route=\/wp\/v2\/media\/5405"}],"wp:attachment":[{"href":"https:\/\/zonaroja.com.mx\/index.php?rest_route=%2Fwp%2Fv2%2Fmedia&parent=16579"}],"wp:term":[{"taxonomy":"category","embeddable":true,"href":"https:\/\/zonaroja.com.mx\/index.php?rest_route=%2Fwp%2Fv2%2Fcategories&post=16579"},{"taxonomy":"post_tag","embeddable":true,"href":"https:\/\/zonaroja.com.mx\/index.php?rest_route=%2Fwp%2Fv2%2Ftags&post=16579"}],"curies":[{"name":"wp","href":"https:\/\/api.w.org\/{rel}","templated":true}]}}