{"id":16584,"date":"2020-08-21T16:06:14","date_gmt":"2020-08-21T21:06:14","guid":{"rendered":"http:\/\/www.zonaroja.com.mx\/?p=16584"},"modified":"2020-08-21T16:06:18","modified_gmt":"2020-08-21T21:06:18","slug":"encarcelan-a-mujer-en-ixtayutla-por-ordenes-del-edil-lo-acusan-de-abuso-de-poder","status":"publish","type":"post","link":"https:\/\/zonaroja.com.mx\/?p=16584","title":{"rendered":"Encarcelan a mujer en Ixtayutla por \u00f3rdenes del edil, lo acusan de abuso de poder"},"content":{"rendered":"\n<p>Evlin Arag\u00f3n\/Zona Roja.<\/p>\n\n\n\n<p>Oaxaca de Ju\u00e1rez, Oax., 21 de agosto de 2020.- En los \u00faltimos meses, las redes sociales han hecho virales los casos de cuatro mujeres ind\u00edgenas que han sido encarceladas en sus localidades de origen, aparentemente sin ning\u00fan tipo de justificaci\u00f3n, por lo que la acci\u00f3n podr\u00eda configurarse como violencia por raz\u00f3n de g\u00e9nero.&nbsp;<\/p>\n\n\n\n<p>El caso m\u00e1s reciente es el de una joven mujer, madre soltera, que fue encarcelada en el municipio de Santiago Ixtayutla, perteneciente a la regi\u00f3n de la Costa de Oaxaca, ello de acuerdo con la p\u00e1gina de Facebook @Prestigio MX, quien realiz\u00f3 una publicaci\u00f3n de los hechos, la ha sido compartido en m\u00e1s de 400 ocasiones.<\/p>\n\n\n\n<p>\u201c\u00bfCu\u00e1ndo transformar\u00e1 Ixtayutla? \u00bfCu\u00e1ndo tendr\u00e1 un cambio? \u00bfCu\u00e1ndo habr\u00e1 justicia? No soy pol\u00edtico, pero me duele ver lo que pasa, principalmente con las personas humildes e ind\u00edgena como yo y t\u00fa\u201d, refiere la publicaci\u00f3n en redes sociales.<\/p>\n\n\n\n<p>La foto, que acompa\u00f1a a la denuncia, muestra a una joven ind\u00edgena tras las rejas, mientras que afuera se puede observar a una mujer de avanzada edad y con una vestimenta humilde que carga a una beb\u00e9 en brazos, que de acuerdo con la publicaci\u00f3n, fue llevada con su madre para ser alimentada, sin embargo, otros medios de comunicaci\u00f3n locales refieren que la menor estuvo en prisi\u00f3n dos d\u00edas junto a su madre hasta que la familia fue a rescatarla.&nbsp;&nbsp;<\/p>\n\n\n\n<p>As\u00ed lo expuso Carlos Mart\u00ednez, titular del espacio informativo \u201cNoti Costa\u201d Oaxaca, quien adem\u00e1s dio a conocer que fueron cuatro d\u00edas los que estuvo presa la mujer, ya que fue desde el lunes que, autoridades de Itundujia Zaragoza la detuvieron por \u00f3rdenes del presidente de Santiago Ixtayutla, Gerardo Garc\u00eda Velasco, quien abusando de su poder la acus\u00f3 de estar involucrada en un problema con su familia.<\/p>\n\n\n\n<p>Aunque el edil asegur\u00f3 que fueron unas horas que la joven estuvo en calidad de detenida, fue hasta el jueves que, debido a la falta de pruebas o motivos suficientes para mantenerla tras las rejas, fue liberada. Ahora la familia busca la forma de denunciar el abuso cometido por la autoridad municipal y recibir justicia.<\/p>\n\n\n\n<p>Hace justamente un mes, el 21 de julio, una madre de familia y sus dos hijos menores, as\u00ed como un anciano, fueron encarcelados en San Antonio Huitepec, municipio de la regi\u00f3n Valles Centrales de Oaxaca, para presuntamente despojarlos de sus tierras.&nbsp;<\/p>\n\n\n\n<p>El 9 de junio, Teodora Epitacio Regina fue llevada por las autoridades municipales a los separos, junto con su hija de tan s\u00f3lo tres a\u00f1os de edad, luego de defenderse de una agresi\u00f3n f\u00edsica en su contra, al interior de su vivienda, ubicada en el municipio de San Juan Mazatl\u00e1n Mixe.&nbsp;<\/p>\n\n\n\n<p>Mientras que, a inicios del mes de abril, con el uso excesivo de la fuerza p\u00fablica, el ayuntamiento de Zimatl\u00e1n de \u00c1lvarez orden\u00f3 la detenci\u00f3n de Adriana Ruiz por vender nieves, solo para llevar, en su establecimiento ubicado en el centro de esa poblaci\u00f3n.<\/p>\n","protected":false},"excerpt":{"rendered":"<p>Evlin Arag\u00f3n\/Zona Roja. Oaxaca de Ju\u00e1rez, Oax., 21 de agosto de 2020.- En los \u00faltimos&hellip;<\/p>\n","protected":false},"author":2,"featured_media":16585,"comment_status":"closed","ping_status":"open","sticky":false,"template":"","format":"standard","meta":{"_lmt_disableupdate":"","_lmt_disable":"","_jetpack_memberships_contains_paid_content":false,"footnotes":""},"categories":[109,47],"tags":[],"class_list":["post-16584","post","type-post","status-publish","format-standard","has-post-thumbnail","hentry","category-minuto-a-minuto","category-zona-gris"],"jetpack_featured_media_url":"https:\/\/zonaroja.com.mx\/wp-content\/uploads\/2020\/08\/Encarcelada-Ixtayutla.jpg","jetpack_sharing_enabled":true,"_links":{"self":[{"href":"https:\/\/zonaroja.com.mx\/index.php?rest_route=\/wp\/v2\/posts\/16584","targetHints":{"allow":["GET"]}}],"collection":[{"href":"https:\/\/zonaroja.com.mx\/index.php?rest_route=\/wp\/v2\/posts"}],"about":[{"href":"https:\/\/zonaroja.com.mx\/index.php?rest_route=\/wp\/v2\/types\/post"}],"author":[{"embeddable":true,"href":"https:\/\/zonaroja.com.mx\/index.php?rest_route=\/wp\/v2\/users\/2"}],"replies":[{"embeddable":true,"href":"https:\/\/zonaroja.com.mx\/index.php?rest_route=%2Fwp%2Fv2%2Fcomments&post=16584"}],"version-history":[{"count":1,"href":"https:\/\/zonaroja.com.mx\/index.php?rest_route=\/wp\/v2\/posts\/16584\/revisions"}],"predecessor-version":[{"id":16586,"href":"https:\/\/zonaroja.com.mx\/index.php?rest_route=\/wp\/v2\/posts\/16584\/revisions\/16586"}],"wp:featuredmedia":[{"embeddable":true,"href":"https:\/\/zonaroja.com.mx\/index.php?rest_route=\/wp\/v2\/media\/16585"}],"wp:attachment":[{"href":"https:\/\/zonaroja.com.mx\/index.php?rest_route=%2Fwp%2Fv2%2Fmedia&parent=16584"}],"wp:term":[{"taxonomy":"category","embeddable":true,"href":"https:\/\/zonaroja.com.mx\/index.php?rest_route=%2Fwp%2Fv2%2Fcategories&post=16584"},{"taxonomy":"post_tag","embeddable":true,"href":"https:\/\/zonaroja.com.mx\/index.php?rest_route=%2Fwp%2Fv2%2Ftags&post=16584"}],"curies":[{"name":"wp","href":"https:\/\/api.w.org\/{rel}","templated":true}]}}