{"id":1659,"date":"2019-06-16T20:49:09","date_gmt":"2019-06-17T01:49:09","guid":{"rendered":"http:\/\/www.zonaroja.com.mx\/?p=1659"},"modified":"2019-06-16T20:49:11","modified_gmt":"2019-06-17T01:49:11","slug":"dia-del-padre-sangriento-en-oaxaca-con-tres-muertos-y-tres-heridos","status":"publish","type":"post","link":"https:\/\/zonaroja.com.mx\/?p=1659","title":{"rendered":"D\u00eda del Padre sangriento en Oaxaca, con tres muertos y tres heridos"},"content":{"rendered":"\n<p>Ismael\nGarc\u00eda M.<\/p>\n\n\n\n<p>Oaxaca de\nJu\u00e1rez, Oax., 16 de junio de 2019.- Al menos cinco ataques armados se\nregistraron en cuatro municipios de Oaxaca durante este domingo, en que se\nconmemor\u00f3 el D\u00eda del Padre.<\/p>\n\n\n\n<p>Las\nagresiones dejaron como saldo tres personas fallecidas y tres m\u00e1s lesionadas,\nen las regiones Valles Centrales, Cuenca del Papaloapan e Istmo de Tehuantepec.<\/p>\n\n\n\n<p>En Santa\nCruz Xoxocotl\u00e1n, municipio conurbado a la capital, por la tarde se suscit\u00f3 un\nataque a balazos en el interior del bar \u201cNereidas\u201d, ubicado en la calle\nProgreso.<\/p>\n\n\n\n<p>En el lugar\nperdi\u00f3 la vida un individuo identificado como Norberto Mart\u00ednez Ju\u00e1rez; dos m\u00e1s\nresultaron heridas y trasladadas a un hospital.<\/p>\n\n\n\n<p>En los\nl\u00edmites de Oaxaca con Veracruz, cerca del puente \u201cAmapa\u201d, en jurisdicci\u00f3n de\nSan Miguel Soyaltepec, fue hallado el cuerpo de una persona del sexo masculino,\ncon varios disparos de arma de fuego, identificado como Gerardo Jim\u00e9nez\nEstrada.<\/p>\n\n\n\n<p>La madrugada\nde este domingo, en la calle H\u00e9roes Ilustres, cerca de una gasolinera, en el municipio\nistme\u00f1o de Mat\u00edas Romero Avenda\u00f1o, se suscit\u00f3 una balacera, pero no se\nreportaron v\u00edctimas ni lesionados.<\/p>\n\n\n\n<p>Mientras que\nen un domicilio de la colonia Gustavo Pineda de Juchit\u00e1n de Zaragoza, durante\nla ma\u00f1ana fue atacada a balazos una persona, identificada como Jos\u00e9 \u00c1ngel V.\nV., que fue trasladada a un hospital para su atenci\u00f3n m\u00e9dica.<\/p>\n\n\n\n<p>Por la\ntarde, tambi\u00e9n en Juchit\u00e1n, se suscit\u00f3 una agresi\u00f3n con arma de fuego en un\ndomicilio de la colonia Laguna Yupi de la Novena Secci\u00f3n.<\/p>\n\n\n\n<p>Le occiso\nfue conocido como Melvin Orlando J. S., de aproximadamente de 37 a\u00f1os de edad;\npresuntamente fue su t\u00edo quien le dispar\u00f3 con una escopeta.<\/p>\n","protected":false},"excerpt":{"rendered":"<p>Ismael Garc\u00eda M. Oaxaca de Ju\u00e1rez, Oax., 16 de junio de 2019.- Al menos cinco&hellip;<\/p>\n","protected":false},"author":2,"featured_media":1660,"comment_status":"closed","ping_status":"open","sticky":false,"template":"","format":"standard","meta":{"_lmt_disableupdate":"","_lmt_disable":"","_jetpack_memberships_contains_paid_content":false,"footnotes":""},"categories":[109,51],"tags":[132,98,123,58,133],"class_list":["post-1659","post","type-post","status-publish","format-standard","has-post-thumbnail","hentry","category-minuto-a-minuto","category-zona-roja","tag-asesinatos","tag-cuenca-del-papaloapan","tag-juchitan-de-zaragoza","tag-oaxaca","tag-santa-cruz-xoxocotlan"],"jetpack_featured_media_url":"https:\/\/zonaroja.com.mx\/wp-content\/uploads\/2019\/06\/838e0d95-522a-4927-a63c-5fff610d80f6.jpg","jetpack_sharing_enabled":true,"_links":{"self":[{"href":"https:\/\/zonaroja.com.mx\/index.php?rest_route=\/wp\/v2\/posts\/1659","targetHints":{"allow":["GET"]}}],"collection":[{"href":"https:\/\/zonaroja.com.mx\/index.php?rest_route=\/wp\/v2\/posts"}],"about":[{"href":"https:\/\/zonaroja.com.mx\/index.php?rest_route=\/wp\/v2\/types\/post"}],"author":[{"embeddable":true,"href":"https:\/\/zonaroja.com.mx\/index.php?rest_route=\/wp\/v2\/users\/2"}],"replies":[{"embeddable":true,"href":"https:\/\/zonaroja.com.mx\/index.php?rest_route=%2Fwp%2Fv2%2Fcomments&post=1659"}],"version-history":[{"count":1,"href":"https:\/\/zonaroja.com.mx\/index.php?rest_route=\/wp\/v2\/posts\/1659\/revisions"}],"predecessor-version":[{"id":1661,"href":"https:\/\/zonaroja.com.mx\/index.php?rest_route=\/wp\/v2\/posts\/1659\/revisions\/1661"}],"wp:featuredmedia":[{"embeddable":true,"href":"https:\/\/zonaroja.com.mx\/index.php?rest_route=\/wp\/v2\/media\/1660"}],"wp:attachment":[{"href":"https:\/\/zonaroja.com.mx\/index.php?rest_route=%2Fwp%2Fv2%2Fmedia&parent=1659"}],"wp:term":[{"taxonomy":"category","embeddable":true,"href":"https:\/\/zonaroja.com.mx\/index.php?rest_route=%2Fwp%2Fv2%2Fcategories&post=1659"},{"taxonomy":"post_tag","embeddable":true,"href":"https:\/\/zonaroja.com.mx\/index.php?rest_route=%2Fwp%2Fv2%2Ftags&post=1659"}],"curies":[{"name":"wp","href":"https:\/\/api.w.org\/{rel}","templated":true}]}}