{"id":16590,"date":"2020-08-21T19:28:48","date_gmt":"2020-08-22T00:28:48","guid":{"rendered":"http:\/\/www.zonaroja.com.mx\/?p=16590"},"modified":"2020-08-21T19:28:52","modified_gmt":"2020-08-22T00:28:52","slug":"localizan-cuerpo-sin-vida-de-desaparecido-en-san-felipe-usila","status":"publish","type":"post","link":"https:\/\/zonaroja.com.mx\/?p=16590","title":{"rendered":"Localizan cuerpo sin vida de desaparecido en San Felipe Usila"},"content":{"rendered":"\n<p>Redacci\u00f3n\/Zona Roja.<\/p>\n\n\n\n<p>Oaxaca de Ju\u00e1rez, Oax., 21 de agosto de 2020.- Cuatro d\u00edas despu\u00e9s de reportada la desaparici\u00f3n, este viernes fue localizado el cuerpo de un joven, arrastrado por la corriente de un r\u00edo en San Felipe Usila, municipio de la regi\u00f3n de la Cuenca de Oaxaca.<\/p>\n\n\n\n<p>La Coordinaci\u00f3n Estatal de Protecci\u00f3n Civil de Oaxaca (CEPCO) inform\u00f3 que con ello concluy\u00f3 el operativo de b\u00fasqueda de la persona identificada como Ernesto I. J., de 24 a\u00f1os de edad, quien fue ubicado a un kil\u00f3metro y medio de la cabecera municipal de Usila, sobre la afluente del r\u00edo.<\/p>\n\n\n\n<p>En un comunicado, indic\u00f3 que esta ma\u00f1ana de viernes, personal de la Secretar\u00eda de Marina ingres\u00f3 a la presa \u201cMiguel Alem\u00e1n\u201d para realizar la b\u00fasqueda, la cual concluy\u00f3 una vez que el cuerpo fue localizado.<\/p>\n\n\n\n<p>Destac\u00f3 que el helic\u00f3ptero del Gobierno del Estado no pudo ingresar a la zona por la nubosidad en esta regi\u00f3n.<\/p>\n\n\n\n<p>\u201cCon la recuperaci\u00f3n del cuerpo, se inicia el procedimiento de su entrega a los familiares y con ello concluye el operativo que inici\u00f3 el martes 18 de agosto, cuando la personas fue reportada como desaparecida por los familiares\u201d, detall\u00f3 en el comunicado.<\/p>\n","protected":false},"excerpt":{"rendered":"<p>Redacci\u00f3n\/Zona Roja. Oaxaca de Ju\u00e1rez, Oax., 21 de agosto de 2020.- Cuatro d\u00edas despu\u00e9s de&hellip;<\/p>\n","protected":false},"author":2,"featured_media":16591,"comment_status":"closed","ping_status":"open","sticky":false,"template":"","format":"standard","meta":{"_lmt_disableupdate":"","_lmt_disable":"","_jetpack_memberships_contains_paid_content":false,"footnotes":""},"categories":[109,47],"tags":[1937],"class_list":["post-16590","post","type-post","status-publish","format-standard","has-post-thumbnail","hentry","category-minuto-a-minuto","category-zona-gris","tag-san-felipe-usila"],"jetpack_featured_media_url":"https:\/\/zonaroja.com.mx\/wp-content\/uploads\/2020\/08\/CEPCO-2.jpg","jetpack_sharing_enabled":true,"_links":{"self":[{"href":"https:\/\/zonaroja.com.mx\/index.php?rest_route=\/wp\/v2\/posts\/16590","targetHints":{"allow":["GET"]}}],"collection":[{"href":"https:\/\/zonaroja.com.mx\/index.php?rest_route=\/wp\/v2\/posts"}],"about":[{"href":"https:\/\/zonaroja.com.mx\/index.php?rest_route=\/wp\/v2\/types\/post"}],"author":[{"embeddable":true,"href":"https:\/\/zonaroja.com.mx\/index.php?rest_route=\/wp\/v2\/users\/2"}],"replies":[{"embeddable":true,"href":"https:\/\/zonaroja.com.mx\/index.php?rest_route=%2Fwp%2Fv2%2Fcomments&post=16590"}],"version-history":[{"count":1,"href":"https:\/\/zonaroja.com.mx\/index.php?rest_route=\/wp\/v2\/posts\/16590\/revisions"}],"predecessor-version":[{"id":16592,"href":"https:\/\/zonaroja.com.mx\/index.php?rest_route=\/wp\/v2\/posts\/16590\/revisions\/16592"}],"wp:featuredmedia":[{"embeddable":true,"href":"https:\/\/zonaroja.com.mx\/index.php?rest_route=\/wp\/v2\/media\/16591"}],"wp:attachment":[{"href":"https:\/\/zonaroja.com.mx\/index.php?rest_route=%2Fwp%2Fv2%2Fmedia&parent=16590"}],"wp:term":[{"taxonomy":"category","embeddable":true,"href":"https:\/\/zonaroja.com.mx\/index.php?rest_route=%2Fwp%2Fv2%2Fcategories&post=16590"},{"taxonomy":"post_tag","embeddable":true,"href":"https:\/\/zonaroja.com.mx\/index.php?rest_route=%2Fwp%2Fv2%2Ftags&post=16590"}],"curies":[{"name":"wp","href":"https:\/\/api.w.org\/{rel}","templated":true}]}}